{"id":824,"date":"2020-10-27T07:02:47","date_gmt":"2020-10-27T06:02:47","guid":{"rendered":"http:\/\/www.batteriewelt.com\/akkublog\/?p=824"},"modified":"2020-10-27T07:02:47","modified_gmt":"2020-10-27T06:02:47","slug":"apple-leakt-den-geplanten-launch-eines-neuen-16-zoll-macbook-pro-noch-vor-ende-des-jahres","status":"publish","type":"post","link":"https:\/\/www.batteriewelt.com\/akkublog\/?p=824","title":{"rendered":"Apple leakt den geplanten Launch eines neuen 16 Zoll MacBook Pro noch vor Ende des Jahres"},"content":{"rendered":"\n<p class=\"wp-block-paragraph\">Die aktuelle Version des 16 Zoll MacBook Pro (ca. 2.374 Euro auf Amazon) wurde im November 2019 vorgestellt, es wird langsam aber sicher also Zeit f\u00fcr ein Update. Nun hat Apple selbst einen konkreten Hinweis auf das Launch-Datum des Nachfolgers geliefert: Atharva Kale hat im unten eingebetteten Tweet die Release Notes eines Boot Camp-Updates geteilt, laut denen ein Stabilit\u00e4ts-Problem bei hoher CPU-Last behoben werden sollte, und zwar beim 2020er 13 Zoll MacBook Pro sowie beim 2019er und 2020er 16 Zoll MacBook Pro.<\/p>\n\n\n\n<p class=\"wp-block-paragraph\">In diesem Jahr wurde allerdings noch kein 16 Zoll MacBook Pro eingef\u00fchrt, sodass es sich dabei entweder um einen Fehler handelt, oder aber um einen handfesten Hinweis auf den bevorstehenden Launch eines neuen Flaggschiff-MacBooks. Apple hat im Juni zwar mit der&nbsp;AMD Radeon Pro 5600M&nbsp;einen leistungsst\u00e4rkeren Grafikchip als Option eingef\u00fchrt, das Notebook wird allerdings weiterhin als &#8220;16 Zoll MacBook Pro 2019&#8221; gef\u00fchrt.<\/p>\n\n\n\n<p class=\"wp-block-paragraph\">Ger\u00fcchten zufolge plant Apple eine Pressekonferenz&nbsp;am Dienstag, dem 17. November, um den ersten Mac auf Basis eines intern entwickelten ARM-Chips vorzustellen. Bisherige Ger\u00fcchte deuteten darauf hin, dass es sich dabei um ein g\u00fcnstigeres MacBook handeln wird, also vermutlich um ein MacBook Air oder gar um ein 12 Zoll MacBook, das neue 16 Zoll MacBook Pro k\u00f6nnte daher erneut auf einen Intel-Prozessor in Kombination mit einem AMD-Grafikchip setzen \u2013 Comet Lake-H in Verbindung mit einer AMD Radeon RX 6000 GPU k\u00f6nnte dennoch ein spannendes Upgrade ergeben.<\/p>\n","protected":false},"excerpt":{"rendered":"<p>Die aktuelle Version des 16 Zoll MacBook Pro (ca. 2.374 Euro auf Amazon) wurde im November 2019 vorgestellt, es wird langsam aber sicher also Zeit f\u00fcr ein Update. Nun hat Apple selbst einen konkreten Hinweis auf das Launch-Datum des Nachfolgers geliefert: Atharva Kale hat im unten eingebetteten Tweet die Release Notes eines Boot Camp-Updates geteilt, [&hellip;]<\/p>\n","protected":false},"author":1,"featured_media":0,"comment_status":"open","ping_status":"open","sticky":false,"template":"","format":"standard","meta":{"footnotes":""},"categories":[17],"tags":[301,271],"class_list":["post-824","post","type-post","status-publish","format-standard","hentry","category-laptop-computer","tag-apple","tag-macbook-pro"],"_links":{"self":[{"href":"https:\/\/www.batteriewelt.com\/akkublog\/index.php?rest_route=\/wp\/v2\/posts\/824","targetHints":{"allow":["GET"]}}],"collection":[{"href":"https:\/\/www.batteriewelt.com\/akkublog\/index.php?rest_route=\/wp\/v2\/posts"}],"about":[{"href":"https:\/\/www.batteriewelt.com\/akkublog\/index.php?rest_route=\/wp\/v2\/types\/post"}],"author":[{"embeddable":true,"href":"https:\/\/www.batteriewelt.com\/akkublog\/index.php?rest_route=\/wp\/v2\/users\/1"}],"replies":[{"embeddable":true,"href":"https:\/\/www.batteriewelt.com\/akkublog\/index.php?rest_route=%2Fwp%2Fv2%2Fcomments&post=824"}],"version-history":[{"count":1,"href":"https:\/\/www.batteriewelt.com\/akkublog\/index.php?rest_route=\/wp\/v2\/posts\/824\/revisions"}],"predecessor-version":[{"id":825,"href":"https:\/\/www.batteriewelt.com\/akkublog\/index.php?rest_route=\/wp\/v2\/posts\/824\/revisions\/825"}],"wp:attachment":[{"href":"https:\/\/www.batteriewelt.com\/akkublog\/index.php?rest_route=%2Fwp%2Fv2%2Fmedia&parent=824"}],"wp:term":[{"taxonomy":"category","embeddable":true,"href":"https:\/\/www.batteriewelt.com\/akkublog\/index.php?rest_route=%2Fwp%2Fv2%2Fcategories&post=824"},{"taxonomy":"post_tag","embeddable":true,"href":"https:\/\/www.batteriewelt.com\/akkublog\/index.php?rest_route=%2Fwp%2Fv2%2Ftags&post=824"}],"curies":[{"name":"wp","href":"https:\/\/api.w.org\/{rel}","templated":true}]}}