{"id":778,"date":"2020-10-14T07:11:41","date_gmt":"2020-10-14T06:11:41","guid":{"rendered":"http:\/\/www.batteriewelt.com\/akkublog\/?p=778"},"modified":"2020-10-14T07:11:41","modified_gmt":"2020-10-14T06:11:41","slug":"apple-acht-neue-mac-modelle-zeigen-sich-bei-der-eec","status":"publish","type":"post","link":"https:\/\/www.batteriewelt.com\/akkublog\/?p=778","title":{"rendered":"Apple: Acht neue Mac-Modelle zeigen sich bei der EEC"},"content":{"rendered":"\n<p class=\"wp-block-paragraph\">AppleInsider&nbsp;hat acht neue Eintr\u00e4ge in der Datenbank der EEC entdeckt, die zu bislang nicht ver\u00f6ffentlichten Macs geh\u00f6ren, denn die Datenbank gibt als Beschreibung an, dass es sich um &#8220;Personal Computer der Marke Apple&#8221; handelt. Drei dieser Modellnummer, n\u00e4mlich A2147, A2158 und A2182, wurden bereits zuvor bei der EEC registriert, damals allerdings noch mit macOS Catalina, die neuen Eintr\u00e4ge geben jedoch bereits macOS Big Sur als Betriebssystem an.<\/p>\n\n\n\n<p class=\"wp-block-paragraph\">Die f\u00fcnf Modellnummern&nbsp;A2348, A2438, A2439, A2337 und A2338 sind komplett neu. Wie \u00fcblich geben die Eintr\u00e4ge keinerlei Details \u00fcber die Produkte an sich preis. Apple hat aber bereits offiziell angek\u00fcndigt, dass ein erster Mac auf Basis eines intern entwickelten ARM-Chips noch in diesem Jahr auf den Markt kommen wird.<\/p>\n\n\n\n<p class=\"wp-block-paragraph\">Einem&nbsp;Leaker&nbsp;zufolge sollen am Event heute Abend zwar keine ARM-Macs vorgestellt werden, wenn es heute keine \u00dcberraschung gibt d\u00fcrfte es aber nicht viel l\u00e4nger als ein paar Wochen dauern, bis die Macs der n\u00e4chsten Generation enth\u00fcllt werden. Ger\u00fcchten zufolge wird entweder ein 12 Zoll MacBook oder aber ein 13 oder 14 Zoll MacBook Pro auf Basis einer angepassten Version des&nbsp;Apple A14 Bionic&nbsp;den Anfang machen.<\/p>\n","protected":false},"excerpt":{"rendered":"<p>AppleInsider&nbsp;hat acht neue Eintr\u00e4ge in der Datenbank der EEC entdeckt, die zu bislang nicht ver\u00f6ffentlichten Macs geh\u00f6ren, denn die Datenbank gibt als Beschreibung an, dass es sich um &#8220;Personal Computer der Marke Apple&#8221; handelt. Drei dieser Modellnummer, n\u00e4mlich A2147, A2158 und A2182, wurden bereits zuvor bei der EEC registriert, damals allerdings noch mit macOS Catalina, [&hellip;]<\/p>\n","protected":false},"author":1,"featured_media":0,"comment_status":"open","ping_status":"open","sticky":false,"template":"","format":"standard","meta":{"footnotes":""},"categories":[17],"tags":[301,395],"class_list":["post-778","post","type-post","status-publish","format-standard","hentry","category-laptop-computer","tag-apple","tag-mac"],"_links":{"self":[{"href":"https:\/\/www.batteriewelt.com\/akkublog\/index.php?rest_route=\/wp\/v2\/posts\/778","targetHints":{"allow":["GET"]}}],"collection":[{"href":"https:\/\/www.batteriewelt.com\/akkublog\/index.php?rest_route=\/wp\/v2\/posts"}],"about":[{"href":"https:\/\/www.batteriewelt.com\/akkublog\/index.php?rest_route=\/wp\/v2\/types\/post"}],"author":[{"embeddable":true,"href":"https:\/\/www.batteriewelt.com\/akkublog\/index.php?rest_route=\/wp\/v2\/users\/1"}],"replies":[{"embeddable":true,"href":"https:\/\/www.batteriewelt.com\/akkublog\/index.php?rest_route=%2Fwp%2Fv2%2Fcomments&post=778"}],"version-history":[{"count":1,"href":"https:\/\/www.batteriewelt.com\/akkublog\/index.php?rest_route=\/wp\/v2\/posts\/778\/revisions"}],"predecessor-version":[{"id":779,"href":"https:\/\/www.batteriewelt.com\/akkublog\/index.php?rest_route=\/wp\/v2\/posts\/778\/revisions\/779"}],"wp:attachment":[{"href":"https:\/\/www.batteriewelt.com\/akkublog\/index.php?rest_route=%2Fwp%2Fv2%2Fmedia&parent=778"}],"wp:term":[{"taxonomy":"category","embeddable":true,"href":"https:\/\/www.batteriewelt.com\/akkublog\/index.php?rest_route=%2Fwp%2Fv2%2Fcategories&post=778"},{"taxonomy":"post_tag","embeddable":true,"href":"https:\/\/www.batteriewelt.com\/akkublog\/index.php?rest_route=%2Fwp%2Fv2%2Ftags&post=778"}],"curies":[{"name":"wp","href":"https:\/\/api.w.org\/{rel}","templated":true}]}}