{"id":773,"date":"2020-10-14T07:00:50","date_gmt":"2020-10-14T06:00:50","guid":{"rendered":"http:\/\/www.batteriewelt.com\/akkublog\/?p=773"},"modified":"2020-10-14T07:00:50","modified_gmt":"2020-10-14T06:00:50","slug":"apple-stellt-iphone-12-pro-und-pro-max-vor","status":"publish","type":"post","link":"https:\/\/www.batteriewelt.com\/akkublog\/?p=773","title":{"rendered":"Apple stellt iPhone 12 Pro und Pro Max vor"},"content":{"rendered":"\n<p class=\"wp-block-paragraph\">Das iPhone 12 Pro&nbsp;kommt im selben Design wie das normale iPhone 12 daher,&nbsp;wird aber mit besseren Materialien produziert. Ein Edelstahl-Rahmen soll das Finish in vier verschiedenen Farben noch edler machen.<\/p>\n\n\n\n<p class=\"wp-block-paragraph\">MagSafe, Ceramic Shield, Super Retina XDR Display, A14 Bionic und Co. sind nat\u00fcrlich mit an Bord. Die Displays sind bei fast denselben Gr\u00f6\u00dfen dennoch gewachsen. Das kleine Modell hat nun 6,1 Zoll zu bieten statt bisher 5,8 Zoll, das gro\u00dfe 6,7 Zoll.<\/p>\n\n\n\n<p class=\"wp-block-paragraph\">Deep Fusion wird nun auf allen Kameras verf\u00fcgbar sein, war im iPhone 11 Pro nur in der Hauptkamera verf\u00fcgbar. Neben der Weitwinkel- und Ultra-Weitwinkel-Kamera kommt das 12 Pro auch mit einer Telefoto-Kamera.<\/p>\n\n\n\n<p class=\"wp-block-paragraph\">Der LiDAR-Scanner aus dem iPad zieht nun ebenfalls auf dem iPhone 12 Pro Max ein und erm\u00f6glicht ein besseres AR-Erlebnis und Foto- und Video-Effekte. Auch die Zeit, die der Auto-Fokus braucht, wird damit verk\u00fcrzt. Bei Portr\u00e4t-Fotos wird das Bokeh ebenfalls nat\u00fcrlicher gesetzt.<\/p>\n\n\n\n<p class=\"wp-block-paragraph\">Das Pro Max hat ein noch besseres Kamera-System als das iPhone 12 Pro. Auch ein neues optisches Stabilisierungssystem ist mit an Bord, soll ein Feature namens Sensor Shift erm\u00f6glichen, um Wackler noch besser auszugleichen und die Low-Light-Performance zu erh\u00f6hen.<\/p>\n\n\n\n<p class=\"wp-block-paragraph\">Die Kamera kann nun AppleProRAW aufnehmen, ein von Apple entwickeltes RAW-Format, das auch Deep Fusion und andere Apple-Features erm\u00f6glicht. Das neue Format soll jedoch erst sp\u00e4ter in diesem Jahr kommen. Drittanbieter-Apps k\u00f6nnen ebenfalls mit diesem Format arbeiten.<\/p>\n\n\n\n<p class=\"wp-block-paragraph\">Das iPhone 12 Pro und Pro Max kann auch in 10 Bit HDR-Video aufnehmen \u2013 sogar Dolby Vision HDR. Auch das Editieren in Dolby Vision ist direkt in der Fotos-App m\u00f6glich, Das kann bisher noch kein Ger\u00e4t.<\/p>\n\n\n\n<p class=\"wp-block-paragraph\">Das iPhone 12 Pro wird in Silber, Schwarz, Gold und Blau zu haben sein, kostet ab 999 US-Dollar (128 GB). Das iPhone 12 Pro Max kommt in denselben Farben, kostet ab 1099 US-Dollar (128 GB). Die Smartphones k\u00f6nnen ab 16. Oktober bestellt werden, kommen eine Woche sp\u00e4ter zum Kunden.<\/p>\n\n\n\n<p class=\"wp-block-paragraph\">Deutsche Preise und weitere Details reichen wir selbstverst\u00e4ndlich nach!<\/p>\n\n\n\n<p class=\"wp-block-paragraph\">Update:<\/p>\n\n\n\n<p class=\"wp-block-paragraph\">Das iPhone 12 Pro und das iPhone 12 Pro Max werden in 128 GB-, 256 GB- und 512 GB-Modellen in Graphit, Silber, Gold und Pazifikblau ab 1.120 Euro inkl. MwSt. bzw. 1.217,50 Euro inkl. MwSt. erh\u00e4ltlich sein.<\/p>\n\n\n\n<p class=\"wp-block-paragraph\">Kunden in Australien, China, Deutschland, Gro\u00dfbritannien, Japan, den USA und mehr als 30 weiteren L\u00e4ndern und Regionen k\u00f6nnen das iPhone 12 Pro ab Freitag, 16. Oktober ab 14 Uhr vorbestellen, mit Verf\u00fcgbarkeit ab Freitag, 23. Oktober. Die Vorbestellung f\u00fcr das iPhone 12 Pro Max beginnt am Freitag, 6. November ab 14 Uhr lokaler Ortszeit, mit Verf\u00fcgbarkeit ab Freitag, 13. November.<\/p>\n\n\n\n<p class=\"wp-block-paragraph\">Das MagSafe-Ladeger\u00e4t, die Ledertasche mit MagSafe und die Silikonh\u00fclle und Clear Case f\u00fcr das iPhone 12 Pro sind ab Freitag, 16. Oktober erh\u00e4ltlich. Das iPhone 12 Pro Ledercase ist ab Freitag, 6. November erh\u00e4ltlich. Das MagSafe Duo-Ladeger\u00e4t und die Lederh\u00fclle werden zu einem sp\u00e4teren Zeitpunkt erh\u00e4ltlich sein.<\/p>\n","protected":false},"excerpt":{"rendered":"<p>Das iPhone 12 Pro&nbsp;kommt im selben Design wie das normale iPhone 12 daher,&nbsp;wird aber mit besseren Materialien produziert. Ein Edelstahl-Rahmen soll das Finish in vier verschiedenen Farben noch edler machen. MagSafe, Ceramic Shield, Super Retina XDR Display, A14 Bionic und Co. sind nat\u00fcrlich mit an Bord. Die Displays sind bei fast denselben Gr\u00f6\u00dfen dennoch gewachsen. [&hellip;]<\/p>\n","protected":false},"author":1,"featured_media":0,"comment_status":"open","ping_status":"open","sticky":false,"template":"","format":"standard","meta":{"footnotes":""},"categories":[12],"tags":[301,263,393],"class_list":["post-773","post","type-post","status-publish","format-standard","hentry","category-smartphone","tag-apple","tag-iphone-12-pro","tag-pro-max"],"_links":{"self":[{"href":"https:\/\/www.batteriewelt.com\/akkublog\/index.php?rest_route=\/wp\/v2\/posts\/773","targetHints":{"allow":["GET"]}}],"collection":[{"href":"https:\/\/www.batteriewelt.com\/akkublog\/index.php?rest_route=\/wp\/v2\/posts"}],"about":[{"href":"https:\/\/www.batteriewelt.com\/akkublog\/index.php?rest_route=\/wp\/v2\/types\/post"}],"author":[{"embeddable":true,"href":"https:\/\/www.batteriewelt.com\/akkublog\/index.php?rest_route=\/wp\/v2\/users\/1"}],"replies":[{"embeddable":true,"href":"https:\/\/www.batteriewelt.com\/akkublog\/index.php?rest_route=%2Fwp%2Fv2%2Fcomments&post=773"}],"version-history":[{"count":1,"href":"https:\/\/www.batteriewelt.com\/akkublog\/index.php?rest_route=\/wp\/v2\/posts\/773\/revisions"}],"predecessor-version":[{"id":774,"href":"https:\/\/www.batteriewelt.com\/akkublog\/index.php?rest_route=\/wp\/v2\/posts\/773\/revisions\/774"}],"wp:attachment":[{"href":"https:\/\/www.batteriewelt.com\/akkublog\/index.php?rest_route=%2Fwp%2Fv2%2Fmedia&parent=773"}],"wp:term":[{"taxonomy":"category","embeddable":true,"href":"https:\/\/www.batteriewelt.com\/akkublog\/index.php?rest_route=%2Fwp%2Fv2%2Fcategories&post=773"},{"taxonomy":"post_tag","embeddable":true,"href":"https:\/\/www.batteriewelt.com\/akkublog\/index.php?rest_route=%2Fwp%2Fv2%2Ftags&post=773"}],"curies":[{"name":"wp","href":"https:\/\/api.w.org\/{rel}","templated":true}]}}