{"id":656,"date":"2020-09-04T03:33:48","date_gmt":"2020-09-04T02:33:48","guid":{"rendered":"http:\/\/www.batteriewelt.com\/akkublog\/?p=656"},"modified":"2020-09-04T03:33:48","modified_gmt":"2020-09-04T02:33:48","slug":"hp-reverb-g2-spatere-auslieferung-mit-besseren-linsen","status":"publish","type":"post","link":"https:\/\/www.batteriewelt.com\/akkublog\/?p=656","title":{"rendered":"HP Reverb G2: Sp\u00e4tere Auslieferung mit besseren Linsen"},"content":{"rendered":"\n<p class=\"wp-block-paragraph\">Die Auslieferung der&nbsp;HP Reverb G2&nbsp;verz\u00f6gert sich laut HP bis mindestens Mitte Oktober. Als Grund wird die Umstellung auf bessere Linsen genannt. Laut HP werden s\u00e4mtliche Lieferungen der HP Reverb G2 erst ab dem 14. Oktober aus Asien verschickt.<\/p>\n\n\n\n<p class=\"wp-block-paragraph\">Sp\u00e4ter aber mit besseren Linsen<\/p>\n\n\n\n<p class=\"wp-block-paragraph\">Urspr\u00fcnglich sollten die neue Generation der HP Reverb, die unter anderem mit verbessertem Klang, Komfort und Bild aufwarten soll, schon im September ausgeliefert werden. HP begr\u00fcndet die Verz\u00f6gerung mit dem Einsatz neuer und verbesserter Linsen f\u00fcr das VR-Headset. Hierzu musste kurzfristig der Produktionsprozess umgestellt werden. Kunden, die die HP Reverb G2 bei Bestware vorbestellt haben, erhalten die M\u00f6glichkeit, die Lieferungen direkt von HPs Zwischenh\u00e4ndler zu sich versenden zu lassen, was zumindest einen Teil des Aufschubs ausgleichen soll.<\/p>\n\n\n\n<p class=\"wp-block-paragraph\">Falsche Lieferprognose<\/p>\n\n\n\n<p class=\"wp-block-paragraph\">Bei Kunden die direkt bei HP vorbestellt haben, kann es zus\u00e4tzlich zur Lieferverz\u00f6gerung zu falschen Angaben des Liefertermins kommen. Hier haben einige Kunden im Forum berichtet, dass der auf der Website angegebene voraussichtliche Termin bis ins n\u00e4chste Jahr verschoben wurde. Hierbei sollte es sich um einen Fehler handeln und auch diese Kunden sollten im Oktober beliefert werden.<\/p>\n\n\n\n<p class=\"wp-block-paragraph\">Erste unabh\u00e4ngige Tests nur knapp vor dem Verkaufsstart<\/p>\n\n\n\n<p class=\"wp-block-paragraph\">Laut HP sollen erste Exemplare der umgestellten Serienfertigung erst kurz vor der Auslieferung an Kunden f\u00fcr unabh\u00e4ngige Tests zur Verf\u00fcgung stehen. ComputerBase wird sich darum bem\u00fchen m\u00f6glichst zeitnah einen Test zu liefern. Sollte es hierzu schon im Voraus Fragen und Anmerkungen geben, k\u00f6nnen diese gerne im Forum ge\u00e4u\u00dfert werden.<\/p>\n","protected":false},"excerpt":{"rendered":"<p>Die Auslieferung der&nbsp;HP Reverb G2&nbsp;verz\u00f6gert sich laut HP bis mindestens Mitte Oktober. Als Grund wird die Umstellung auf bessere Linsen genannt. Laut HP werden s\u00e4mtliche Lieferungen der HP Reverb G2 erst ab dem 14. Oktober aus Asien verschickt. Sp\u00e4ter aber mit besseren Linsen Urspr\u00fcnglich sollten die neue Generation der HP Reverb, die unter anderem mit [&hellip;]<\/p>\n","protected":false},"author":1,"featured_media":0,"comment_status":"open","ping_status":"open","sticky":false,"template":"","format":"standard","meta":{"footnotes":""},"categories":[335],"tags":[334],"class_list":["post-656","post","type-post","status-publish","format-standard","hentry","category-brille","tag-hp-reverb-g2"],"_links":{"self":[{"href":"https:\/\/www.batteriewelt.com\/akkublog\/index.php?rest_route=\/wp\/v2\/posts\/656","targetHints":{"allow":["GET"]}}],"collection":[{"href":"https:\/\/www.batteriewelt.com\/akkublog\/index.php?rest_route=\/wp\/v2\/posts"}],"about":[{"href":"https:\/\/www.batteriewelt.com\/akkublog\/index.php?rest_route=\/wp\/v2\/types\/post"}],"author":[{"embeddable":true,"href":"https:\/\/www.batteriewelt.com\/akkublog\/index.php?rest_route=\/wp\/v2\/users\/1"}],"replies":[{"embeddable":true,"href":"https:\/\/www.batteriewelt.com\/akkublog\/index.php?rest_route=%2Fwp%2Fv2%2Fcomments&post=656"}],"version-history":[{"count":1,"href":"https:\/\/www.batteriewelt.com\/akkublog\/index.php?rest_route=\/wp\/v2\/posts\/656\/revisions"}],"predecessor-version":[{"id":657,"href":"https:\/\/www.batteriewelt.com\/akkublog\/index.php?rest_route=\/wp\/v2\/posts\/656\/revisions\/657"}],"wp:attachment":[{"href":"https:\/\/www.batteriewelt.com\/akkublog\/index.php?rest_route=%2Fwp%2Fv2%2Fmedia&parent=656"}],"wp:term":[{"taxonomy":"category","embeddable":true,"href":"https:\/\/www.batteriewelt.com\/akkublog\/index.php?rest_route=%2Fwp%2Fv2%2Fcategories&post=656"},{"taxonomy":"post_tag","embeddable":true,"href":"https:\/\/www.batteriewelt.com\/akkublog\/index.php?rest_route=%2Fwp%2Fv2%2Ftags&post=656"}],"curies":[{"name":"wp","href":"https:\/\/api.w.org\/{rel}","templated":true}]}}