{"id":487,"date":"2020-04-29T03:26:19","date_gmt":"2020-04-29T02:26:19","guid":{"rendered":"http:\/\/www.batteriewelt.com\/akkublog\/?p=487"},"modified":"2020-04-29T03:26:19","modified_gmt":"2020-04-29T02:26:19","slug":"macbook-pro-wird-laut-und-langsam-wenn-man-es-von-der-falschen-seite-aufladt","status":"publish","type":"post","link":"https:\/\/www.batteriewelt.com\/akkublog\/?p=487","title":{"rendered":"Macbook Pro wird laut und langsam, wenn man es von der &#8220;falschen&#8221; Seite aufl\u00e4dt"},"content":{"rendered":"\n<p class=\"wp-block-paragraph\">IT-Riese&nbsp;Apple&nbsp;mag zwar ein Faible f\u00fcr eigene Anschl\u00fcsse haben, zumindest bei seinen Laptops und Tablets entdeckt der Konzern aber zunehmend den USB-C-Standard f\u00fcr sich. So auch beim aktuellen Macbook Pro, das gleich vier solcher Ports inklusive Thunderbolt-3-Support mitbringt und daf\u00fcr alle anderen Steckm\u00f6glichkeiten abseits der Kopfh\u00f6rerbuchse eliminiert.<\/p>\n\n\n\n<p class=\"wp-block-paragraph\">W\u00e4hrend sich manche nun dar\u00fcber \u00e4rgern, dass sie jetzt Adapterl\u00f6sungen f\u00fcr den Anschluss von Ger\u00e4ten mit dem rechteckigen USB-A-Anschluss ben\u00f6tigen, verspricht die Umstellung in anderer Hinsicht mehr Komfort. F\u00fcr das Aufladen des Notebooks soll man das Kabel des Netzteils an jedem der vier Ports anstecken k\u00f6nnen. Zumindest in der Theorie der&nbsp;offiziellen Supportdokumente. Laut Nutzerberichten stehen dem praktische Probleme entgegen,&nbsp;schreibt &#8220;Techspot&#8221;.<\/p>\n\n\n\n<p class=\"wp-block-paragraph\">Seitenwechsel<\/p>\n\n\n\n<p class=\"wp-block-paragraph\">Betroffene haben festgestellt, dass es in einem wohl nicht ungew\u00f6hnlichen Szenario dazu kommt, dass die CPU-Auslastung pl\u00f6tzlich ansteigt und gleichzeitig der L\u00fcfter hochdreht, selbst wenn die Temperatur des Prozessors in unkritischen Bereichen bleibt. Das Macbook Pro wird laut und langsam, wenn man auf der linken Seite gleichzeitig das Ladeger\u00e4t und ein Peripherieger\u00e4t eingesteckt hat. Auch ein Neustart hilft nicht dagegen. Betroffen ist neben dem aktuellen Modell auch das Macbook Pro mit 15-Zoll-Display aus dem Jahr 2017.<\/p>\n\n\n\n<p class=\"wp-block-paragraph\">Auf der rechten Seite tritt das Ph\u00e4nomen allerdings nicht auf. Die L\u00f6sung des Problems, zumal Apple hierzu weder einen Patch ver\u00f6ffentlicht noch angek\u00fcndigt hat, besteht also darin, das Ladeger\u00e4t nur rechtsseitig anzuschlie\u00dfen. Peripherie mit hohem Bedarf an Strom und Datenbandbreite \u2013 etwa ein externer Bildschirm \u2013 sollte man dann nur gegen\u00fcberliegend anstecken, um erh\u00f6hter W\u00e4rmeentwicklung auf einer Seite vorzubeugen.<\/p>\n","protected":false},"excerpt":{"rendered":"<p>IT-Riese&nbsp;Apple&nbsp;mag zwar ein Faible f\u00fcr eigene Anschl\u00fcsse haben, zumindest bei seinen Laptops und Tablets entdeckt der Konzern aber zunehmend den USB-C-Standard f\u00fcr sich. So auch beim aktuellen Macbook Pro, das gleich vier solcher Ports inklusive Thunderbolt-3-Support mitbringt und daf\u00fcr alle anderen Steckm\u00f6glichkeiten abseits der Kopfh\u00f6rerbuchse eliminiert. W\u00e4hrend sich manche nun dar\u00fcber \u00e4rgern, dass sie jetzt [&hellip;]<\/p>\n","protected":false},"author":1,"featured_media":0,"comment_status":"open","ping_status":"open","sticky":false,"template":"","format":"standard","meta":{"footnotes":""},"categories":[17],"tags":[271],"class_list":["post-487","post","type-post","status-publish","format-standard","hentry","category-laptop-computer","tag-macbook-pro"],"_links":{"self":[{"href":"https:\/\/www.batteriewelt.com\/akkublog\/index.php?rest_route=\/wp\/v2\/posts\/487","targetHints":{"allow":["GET"]}}],"collection":[{"href":"https:\/\/www.batteriewelt.com\/akkublog\/index.php?rest_route=\/wp\/v2\/posts"}],"about":[{"href":"https:\/\/www.batteriewelt.com\/akkublog\/index.php?rest_route=\/wp\/v2\/types\/post"}],"author":[{"embeddable":true,"href":"https:\/\/www.batteriewelt.com\/akkublog\/index.php?rest_route=\/wp\/v2\/users\/1"}],"replies":[{"embeddable":true,"href":"https:\/\/www.batteriewelt.com\/akkublog\/index.php?rest_route=%2Fwp%2Fv2%2Fcomments&post=487"}],"version-history":[{"count":1,"href":"https:\/\/www.batteriewelt.com\/akkublog\/index.php?rest_route=\/wp\/v2\/posts\/487\/revisions"}],"predecessor-version":[{"id":488,"href":"https:\/\/www.batteriewelt.com\/akkublog\/index.php?rest_route=\/wp\/v2\/posts\/487\/revisions\/488"}],"wp:attachment":[{"href":"https:\/\/www.batteriewelt.com\/akkublog\/index.php?rest_route=%2Fwp%2Fv2%2Fmedia&parent=487"}],"wp:term":[{"taxonomy":"category","embeddable":true,"href":"https:\/\/www.batteriewelt.com\/akkublog\/index.php?rest_route=%2Fwp%2Fv2%2Fcategories&post=487"},{"taxonomy":"post_tag","embeddable":true,"href":"https:\/\/www.batteriewelt.com\/akkublog\/index.php?rest_route=%2Fwp%2Fv2%2Ftags&post=487"}],"curies":[{"name":"wp","href":"https:\/\/api.w.org\/{rel}","templated":true}]}}