{"id":465,"date":"2020-04-20T06:33:02","date_gmt":"2020-04-20T05:33:02","guid":{"rendered":"http:\/\/www.batteriewelt.com\/akkublog\/?p=465"},"modified":"2020-04-20T06:33:02","modified_gmt":"2020-04-20T05:33:02","slug":"so-konnte-das-iphone-12-pro-aussehen","status":"publish","type":"post","link":"https:\/\/www.batteriewelt.com\/akkublog\/?p=465","title":{"rendered":"So k\u00f6nnte das iPhone 12 Pro aussehen"},"content":{"rendered":"\n<p class=\"wp-block-paragraph\">Apple hat meines Erachtens in der nahen Vergangenheit ein rundes Portfolio abgeliefert, wenn ich mir iPhone 11, iPhone 11 Pro, iPhone SE, MacBook Pro, MacBook Air sowie das neue iPad Pro anschaue (nicht zu vergessen die Kopfh\u00f6rer-Sparte, die auch ordentlich Geld in die Kasse sp\u00fclen d\u00fcrfte).<\/p>\n\n\n\n<p class=\"wp-block-paragraph\">Aber wie hei\u00dft es so sch\u00f6n? Nach dem Spiel ist vor dem Spiel. Und da gibt es schon einige Ger\u00fcchte. Ger\u00fcchte, wie ein kommendes iPhone 12 Pro aussehen k\u00f6nnte. Laut Leaks&nbsp;und Berichten&nbsp;ist es so, dass Apple in Richtung des iPad-Pro-Designs gehen k\u00f6nnte. Das w\u00fcrde weiter f\u00fcr ein planes Display sprechen, aber daf\u00fcr sorgen, dass der Rahmen kantiger wird. D\u00fcrfte dann vermutlich entfernt an ein iPhone 5 erinnern.<\/p>\n\n\n\n<p class=\"wp-block-paragraph\">Die kommenden iPhone-Pro-Modelle sollen drei Kameras auf der R\u00fcckseite haben, w\u00e4hrend die Modelle der unteren Preisklasse weiterhin mit zwei Kameras ausgestattet sein werden. Apple wird laut Bericht auch das 3D-LIDAR-System, das im M\u00e4rz 2020 mit dem neuen iPad Pro deb\u00fctierte, zu seinem iPhone 12 Pro hinzuf\u00fcgen.<\/p>\n\n\n\n<p class=\"wp-block-paragraph\">Auf Basis dieser Berichte hat&nbsp;Jonas Daehnert&nbsp;Render erstellt. Render, die unterschiedliche Reaktionen ausl\u00f6sten. Ja, nat\u00fcrlich sehen sie schon klasse aus, allerdings denke ich mal, dass Apple der Rahmen nicht so d\u00fcnn gelingen wird. Schaut man eine Zeit lang auf die Render und dann wieder auf ein iPhone 11 Pro, dann sieht man, dass Apple da schon ein kleines Wunder gelingen m\u00fcsste.<\/p>\n\n\n\n<p class=\"wp-block-paragraph\">Die nahe Zukunft wird es vermutlich zeigen: Sind die Render ein Treffer ins Schwarze \u2013 oder lediglich nette Konzepte, entstanden aus vermeintlich seri\u00f6sen Quellen, die eben nicht Wissen, sondern W\u00fcnsche \u00fcber ein zuk\u00fcnftiges iPhone-12-Design teilten?<\/p>\n","protected":false},"excerpt":{"rendered":"<p>Apple hat meines Erachtens in der nahen Vergangenheit ein rundes Portfolio abgeliefert, wenn ich mir iPhone 11, iPhone 11 Pro, iPhone SE, MacBook Pro, MacBook Air sowie das neue iPad Pro anschaue (nicht zu vergessen die Kopfh\u00f6rer-Sparte, die auch ordentlich Geld in die Kasse sp\u00fclen d\u00fcrfte). Aber wie hei\u00dft es so sch\u00f6n? Nach dem Spiel [&hellip;]<\/p>\n","protected":false},"author":1,"featured_media":0,"comment_status":"open","ping_status":"open","sticky":false,"template":"","format":"standard","meta":{"footnotes":""},"categories":[12],"tags":[263],"class_list":["post-465","post","type-post","status-publish","format-standard","hentry","category-smartphone","tag-iphone-12-pro"],"_links":{"self":[{"href":"https:\/\/www.batteriewelt.com\/akkublog\/index.php?rest_route=\/wp\/v2\/posts\/465","targetHints":{"allow":["GET"]}}],"collection":[{"href":"https:\/\/www.batteriewelt.com\/akkublog\/index.php?rest_route=\/wp\/v2\/posts"}],"about":[{"href":"https:\/\/www.batteriewelt.com\/akkublog\/index.php?rest_route=\/wp\/v2\/types\/post"}],"author":[{"embeddable":true,"href":"https:\/\/www.batteriewelt.com\/akkublog\/index.php?rest_route=\/wp\/v2\/users\/1"}],"replies":[{"embeddable":true,"href":"https:\/\/www.batteriewelt.com\/akkublog\/index.php?rest_route=%2Fwp%2Fv2%2Fcomments&post=465"}],"version-history":[{"count":1,"href":"https:\/\/www.batteriewelt.com\/akkublog\/index.php?rest_route=\/wp\/v2\/posts\/465\/revisions"}],"predecessor-version":[{"id":466,"href":"https:\/\/www.batteriewelt.com\/akkublog\/index.php?rest_route=\/wp\/v2\/posts\/465\/revisions\/466"}],"wp:attachment":[{"href":"https:\/\/www.batteriewelt.com\/akkublog\/index.php?rest_route=%2Fwp%2Fv2%2Fmedia&parent=465"}],"wp:term":[{"taxonomy":"category","embeddable":true,"href":"https:\/\/www.batteriewelt.com\/akkublog\/index.php?rest_route=%2Fwp%2Fv2%2Fcategories&post=465"},{"taxonomy":"post_tag","embeddable":true,"href":"https:\/\/www.batteriewelt.com\/akkublog\/index.php?rest_route=%2Fwp%2Fv2%2Ftags&post=465"}],"curies":[{"name":"wp","href":"https:\/\/api.w.org\/{rel}","templated":true}]}}