{"id":3799,"date":"2026-06-17T03:32:44","date_gmt":"2026-06-17T02:32:44","guid":{"rendered":"http:\/\/www.batteriewelt.com\/akkublog\/?p=3799"},"modified":"2026-06-17T03:32:44","modified_gmt":"2026-06-17T02:32:44","slug":"macbook-pro-17-a1297-akku-technischer-review-praxisleitfaden-zum-austausch","status":"publish","type":"post","link":"https:\/\/www.batteriewelt.com\/akkublog\/?p=3799","title":{"rendered":"MacBook Pro 17&#8243; A1297 Akku \u2013 Technischer Review &#038; Praxisleitfaden zum Austausch"},"content":{"rendered":"\n<p class=\"wp-block-paragraph\">Das Apple MacBook Pro 17&#8243; A1297 geh\u00f6rt zu den letzten wirklich modular aufgebauten MacBooks der Unibody-\u00c4ra. Heute ist es weniger ein klassisches Arbeitsger\u00e4t, sondern eher ein technisch interessantes Legacy-System mit hoher Reparaturfreundlichkeit \u2013 sofern die Energieversorgung stabil bleibt.<\/p>\n\n\n\n<p class=\"wp-block-paragraph\">Im Zentrum jeder sinnvollen Wiederinbetriebnahme steht der passende Ersatzakku, insbesondere der hochwertige <a target=\"_blank\" rel=\"noreferrer noopener\">MacBook Pro 17 A1297 Akku<\/a>.<\/p>\n\n\n\n<hr class=\"wp-block-separator\"\/>\n\n\n\n<h2 class=\"wp-block-heading\">1. Einordnung des Systems: Warum das A1297 noch relevant ist<\/h2>\n\n\n\n<p class=\"wp-block-paragraph\">Das MacBook Pro 17 A1297 (2009\u20132011) war Apples gr\u00f6\u00dftes und leistungsst\u00e4rkstes Notebook seiner Zeit. Charakteristisch sind:<\/p>\n\n\n\n<ul class=\"wp-block-list\"><li>\n17-Zoll-Display im 16:10 Format (1920\u00d71200)\n<\/li><li>\nVollst\u00e4ndiges Aluminium-Unibody-Chassis\n<\/li><li>\nErweiterbarer RAM und SSD\n<\/li><li>\nDedizierte GPU (modellabh\u00e4ngig)\n<\/li><\/ul>\n\n\n\n<p class=\"wp-block-paragraph\">Aus heutiger Sicht liegt der Schwerpunkt nicht mehr auf Rohleistung, sondern auf Reparierbarkeit und Stabilit\u00e4t. Genau hier wird ein zuverl\u00e4ssiger <a target=\"_blank\" rel=\"noreferrer noopener\">MacBook Pro 17 A1297 Akku<\/a> zum entscheidenden Bauteil.<\/p>\n\n\n\n<hr class=\"wp-block-separator\"\/>\n\n\n\n<h2 class=\"wp-block-heading\">2. Technische Realit\u00e4t im Alltag<\/h2>\n\n\n\n<p class=\"wp-block-paragraph\">In der Praxis zeigt sich ein klar differenziertes Bild:<\/p>\n\n\n\n<ul class=\"wp-block-list\"><li>\nB\u00fcro &amp; Internet: noch nutzbar, aber nicht fl\u00fcssig wie moderne Ger\u00e4te\n<\/li><li>\nMultitasking: begrenzte Reserven, RAM schnell ausgelastet\n<\/li><li>\nKreativarbeit: nur eingeschr\u00e4nkt sinnvoll\n<\/li><\/ul>\n\n\n\n<p class=\"wp-block-paragraph\">Wichtig ist: Selbst moderate Lasten sind stark abh\u00e4ngig vom Zustand des Akkus. Ein verschlissener Akku f\u00fchrt h\u00e4ufig zu:<\/p>\n\n\n\n<ul class=\"wp-block-list\"><li>\npl\u00f6tzlichen Abschaltungen\n<\/li><li>\nreduzierter CPU-Leistung (Power Throttling)\n<\/li><li>\ninstabilem Systemstart\n<\/li><\/ul>\n\n\n\n<p class=\"wp-block-paragraph\">Daher ist ein frischer <a target=\"_blank\" rel=\"noreferrer noopener\">MacBook Pro 17 A1297 Akku<\/a> oft die effektivste \u201ePerformance-Aufr\u00fcstung\u201c.<\/p>\n\n\n\n<hr class=\"wp-block-separator\"\/>\n\n\n\n<h2 class=\"wp-block-heading\">3. Akkuprobleme nach \u00fcber 10 Jahren Nutzung<\/h2>\n\n\n\n<p class=\"wp-block-paragraph\">Typische Alterungserscheinungen:<\/p>\n\n\n\n<ul class=\"wp-block-list\"><li>\nKapazit\u00e4tsverlust (teilweise unter 40%)\n<\/li><li>\nAufbl\u00e4hung der Lithium-Polymer-Zellen\n<\/li><li>\nungenaue Ladeanzeige\n<\/li><li>\npl\u00f6tzliche Abschaltungen unter Last\n<\/li><\/ul>\n\n\n\n<p class=\"wp-block-paragraph\">Gerade bei diesem Modell ist die Akkueinheit nicht nur Energiequelle, sondern auch stabilisierender Spannungsbuffer. Ein neuer <a target=\"_blank\" rel=\"noreferrer noopener\">MacBook Pro 17 A1297 Akku<\/a> stellt daher h\u00e4ufig die gesamte Systemstabilit\u00e4t wieder her.<\/p>\n\n\n\n<hr class=\"wp-block-separator\"\/>\n\n\n\n<h2 class=\"wp-block-heading\">4. Akkuvarianten und Kompatibilit\u00e4t<\/h2>\n\n\n\n<p class=\"wp-block-paragraph\">F\u00fcr das A1297 existieren zwei zentrale Akkutypen:<\/p>\n\n\n\n<table class=\"wp-block-table\"><thead><tr><th>Baujahr<\/th><th>Akku-Typ<\/th><th>Spannung<\/th><\/tr><\/thead><tbody><tr><td>2009\u20132010<\/td><td>A1309<\/td><td>7.4V<\/td><\/tr><tr><td>2011<\/td><td>A1383<\/td><td>10.95V<\/td><\/tr><\/tbody><\/table>\n\n\n\n<p class=\"wp-block-paragraph\">Diese Unterschiede sind technisch relevant, da sie direkt mit der Logicboard-Revision zusammenh\u00e4ngen.<\/p>\n\n\n\n<ul class=\"wp-block-list\"><li>\nF\u00fcr fr\u00fche Modelle: <a target=\"_blank\" rel=\"noreferrer noopener\">A1309 Ersatzakku<\/a>\n<\/li><li>\nF\u00fcr sp\u00e4tere Modelle: <a target=\"_blank\" rel=\"noreferrer noopener\">A1383 Ersatzakku<\/a>\n<\/li><\/ul>\n\n\n\n<p class=\"wp-block-paragraph\">Der universell eingesetzte Referenzpunkt bleibt jedoch der kompatible <a target=\"_blank\" rel=\"noreferrer noopener\">MacBook Pro 17 A1297 Akku<\/a>.<\/p>\n\n\n\n<hr class=\"wp-block-separator\"\/>\n\n\n\n<h2 class=\"wp-block-heading\">5. Austauschprozess (technische Kurzbeschreibung)<\/h2>\n\n\n\n<p class=\"wp-block-paragraph\">Der Akkuwechsel erfolgt klassisch ohne Spezialausr\u00fcstung:<\/p>\n\n\n\n<ol class=\"wp-block-list\"><li>\nUnterboden entfernen\n<\/li><li>\nAkku-Stecker vom Logicboard trennen\n<\/li><li>\nVerklebte Batterie vorsichtig l\u00f6sen\n<\/li><li>\nNeue Einheit einsetzen\n<\/li><li>\nSystem neu initialisieren (SMC Reset empfohlen)\n<\/li><\/ol>\n\n\n\n<p class=\"wp-block-paragraph\">Ein sauber installierter <a target=\"_blank\" rel=\"noreferrer noopener\">MacBook Pro 17 A1297 Akku<\/a> verhindert typische Fehler wie:<\/p>\n\n\n\n<ul class=\"wp-block-list\"><li>\nNicht-Erkennung im Systembericht\n<\/li><li>\nungleichm\u00e4\u00dfige Ladung\n<\/li><li>\npl\u00f6tzliche Systemabschaltungen\n<\/li><\/ul>\n\n\n\n<hr class=\"wp-block-separator\"\/>\n\n\n\n<h2 class=\"wp-block-heading\">6. Typische Fehlerquellen beim Ersatz<\/h2>\n\n\n\n<p class=\"wp-block-paragraph\">In der Praxis treten vor allem folgende Probleme auf:<\/p>\n\n\n\n<ul class=\"wp-block-list\"><li>\nfalscher Akku-Typ (A1309 vs. A1383)\n<\/li><li>\nminderwertige Zellqualit\u00e4t\n<\/li><li>\nlockerer Connector\n<\/li><li>\nfehlender SMC-Reset nach Einbau\n<\/li><\/ul>\n\n\n\n<p class=\"wp-block-paragraph\">Besonders kritisch ist die falsche Zuordnung der Modelle. Ein passender <a target=\"_blank\" rel=\"noreferrer noopener\">A1309 Ersatzakku<\/a> oder <a target=\"_blank\" rel=\"noreferrer noopener\">A1383 Ersatzakku<\/a> ist zwingend erforderlich.<\/p>\n\n\n\n<hr class=\"wp-block-separator\"\/>\n\n\n\n<h2 class=\"wp-block-heading\">7. Wirtschaftliche Bewertung<\/h2>\n\n\n\n<p class=\"wp-block-paragraph\">Aus heutiger Sicht gilt:<\/p>\n\n\n\n<ul class=\"wp-block-list\"><li>\nLogicboard- oder GPU-Reparaturen sind wirtschaftlich meist nicht sinnvoll\n<\/li><li>\nSSD-Upgrade + RAM-Upgrade sind sinnvoll\n<\/li><li>\nAkkuwechsel ist die wichtigste Ma\u00dfnahme zur Wiederinbetriebnahme\n<\/li><\/ul>\n\n\n\n<p class=\"wp-block-paragraph\">Der entscheidende Faktor bleibt der neue <a target=\"_blank\" rel=\"noreferrer noopener\">MacBook Pro 17 A1297 Akku<\/a>, da er das Ger\u00e4t \u00fcberhaupt erst zuverl\u00e4ssig nutzbar macht.<\/p>\n\n\n\n<hr class=\"wp-block-separator\"\/>\n\n\n\n<h2 class=\"wp-block-heading\">Fazit<\/h2>\n\n\n\n<p class=\"wp-block-paragraph\">Das MacBook Pro 17 A1297 ist ein technisches Relikt aus einer Zeit, in der Apple Ger\u00e4te noch vollst\u00e4ndig wartbar waren. Trotz veralteter Hardware bleibt es als gro\u00dfes 17-Zoll-Arbeitssystem interessant \u2013 allerdings nur mit intakter Energieversorgung.<\/p>\n\n\n\n<p class=\"wp-block-paragraph\">Die entscheidende Komponente ist dabei der passende Ersatzakku, insbesondere der <a target=\"_blank\" rel=\"noreferrer noopener\">MacBook Pro 17 A1297 Akku<\/a> sowie die modellabh\u00e4ngigen Varianten <a target=\"_blank\" rel=\"noreferrer noopener\">A1309 Ersatzakku<\/a> und <a target=\"_blank\" rel=\"noreferrer noopener\">A1383 Ersatzakku<\/a>.<\/p>\n","protected":false},"excerpt":{"rendered":"<p>Das Apple MacBook Pro 17&#8243; A1297 geh\u00f6rt zu den letzten wirklich modular aufgebauten MacBooks der Unibody-\u00c4ra. Heute ist es weniger ein klassisches Arbeitsger\u00e4t, sondern eher ein technisch interessantes Legacy-System mit hoher Reparaturfreundlichkeit \u2013 sofern die Energieversorgung stabil bleibt. Im Zentrum jeder sinnvollen Wiederinbetriebnahme steht der passende Ersatzakku, insbesondere der hochwertige MacBook Pro 17 A1297 Akku. [&hellip;]<\/p>\n","protected":false},"author":1,"featured_media":0,"comment_status":"open","ping_status":"open","sticky":true,"template":"","format":"standard","meta":{"footnotes":""},"categories":[17],"tags":[813],"class_list":["post-3799","post","type-post","status-publish","format-standard","hentry","category-laptop-computer","tag-macbook-pro-17"],"_links":{"self":[{"href":"https:\/\/www.batteriewelt.com\/akkublog\/index.php?rest_route=\/wp\/v2\/posts\/3799","targetHints":{"allow":["GET"]}}],"collection":[{"href":"https:\/\/www.batteriewelt.com\/akkublog\/index.php?rest_route=\/wp\/v2\/posts"}],"about":[{"href":"https:\/\/www.batteriewelt.com\/akkublog\/index.php?rest_route=\/wp\/v2\/types\/post"}],"author":[{"embeddable":true,"href":"https:\/\/www.batteriewelt.com\/akkublog\/index.php?rest_route=\/wp\/v2\/users\/1"}],"replies":[{"embeddable":true,"href":"https:\/\/www.batteriewelt.com\/akkublog\/index.php?rest_route=%2Fwp%2Fv2%2Fcomments&post=3799"}],"version-history":[{"count":1,"href":"https:\/\/www.batteriewelt.com\/akkublog\/index.php?rest_route=\/wp\/v2\/posts\/3799\/revisions"}],"predecessor-version":[{"id":3800,"href":"https:\/\/www.batteriewelt.com\/akkublog\/index.php?rest_route=\/wp\/v2\/posts\/3799\/revisions\/3800"}],"wp:attachment":[{"href":"https:\/\/www.batteriewelt.com\/akkublog\/index.php?rest_route=%2Fwp%2Fv2%2Fmedia&parent=3799"}],"wp:term":[{"taxonomy":"category","embeddable":true,"href":"https:\/\/www.batteriewelt.com\/akkublog\/index.php?rest_route=%2Fwp%2Fv2%2Fcategories&post=3799"},{"taxonomy":"post_tag","embeddable":true,"href":"https:\/\/www.batteriewelt.com\/akkublog\/index.php?rest_route=%2Fwp%2Fv2%2Ftags&post=3799"}],"curies":[{"name":"wp","href":"https:\/\/api.w.org\/{rel}","templated":true}]}}