{"id":3718,"date":"2026-04-23T03:12:02","date_gmt":"2026-04-23T02:12:02","guid":{"rendered":"http:\/\/www.batteriewelt.com\/akkublog\/?p=3718"},"modified":"2026-04-24T03:23:27","modified_gmt":"2026-04-24T02:23:27","slug":"asus-transformer-3-pro-t303ua-im-jahr-2026-technische-einordnung-und-praxisbewertung","status":"publish","type":"post","link":"https:\/\/www.batteriewelt.com\/akkublog\/?p=3718","title":{"rendered":"Asus Transformer 3 Pro (T303UA) im Jahr 2026 \u2013 Technische Einordnung und Praxisbewertung"},"content":{"rendered":"\n<h2 class=\"wp-block-heading\">1. Marktposition und Konzept<\/h2>\n\n\n\n<p class=\"wp-block-paragraph\">\nDas Asus Transformer 3 Pro wurde als Premium-2-in-1-System konzipiert und positionierte sich direkt im Wettbewerb mit Microsofts Surface-Serie. Ziel war die Verbindung von Tablet-Mobilit\u00e4t mit Notebook-Funktionalit\u00e4t unter Einsatz leistungsf\u00e4higer x86-Hardware.\n<\/p>\n\n\n\n<p class=\"wp-block-paragraph\">\nAus heutiger Sicht handelt es sich um ein Ger\u00e4t, das konzeptionell weiterhin relevant ist, dessen technische Basis jedoch deutlich gealtert ist.\n<\/p>\n\n\n\n<hr class=\"wp-block-separator\"\/>\n\n\n\n<h2 class=\"wp-block-heading\">2. Hardwarebasis<\/h2>\n\n\n\n<ul class=\"wp-block-list\"><li>Intel Core i5 \/ i7 der 6. Generation (Skylake)<\/li><li>Integrierte Grafik: Intel HD 520 \/ 620<\/li><li>Arbeitsspeicher: bis 16 GB<\/li><li>SSD-Speicher bis 1 TB<\/li><li>12,6 Zoll IPS-Display (2880 \u00d7 1920 Pixel)<\/li><li>39 Wh Lithium-Polymer-Akku<\/li><\/ul>\n\n\n\n<p class=\"wp-block-paragraph\">\nDiese Konfiguration entsprach zum Zeitpunkt der Ver\u00f6ffentlichung dem oberen Leistungssegment im Bereich mobiler Produktivger\u00e4te.\n<\/p>\n\n\n\n<hr class=\"wp-block-separator\"\/>\n\n\n\n<h2 class=\"wp-block-heading\">3. Leistungsbewertung unter aktuellen Bedingungen<\/h2>\n\n\n\n<h3 class=\"wp-block-heading\">3.1 Produktive Nutzung<\/h3>\n\n\n\n<p class=\"wp-block-paragraph\">\nF\u00fcr klassische Office-Anwendungen, webbasiertes Arbeiten sowie Medienkonsum ist das System weiterhin funktionsf\u00e4hig. Die SSD sorgt f\u00fcr akzeptable Reaktionszeiten im Alltag.\n<\/p>\n\n\n\n<h3 class=\"wp-block-heading\">3.2 Limitierungen<\/h3>\n\n\n\n<p class=\"wp-block-paragraph\">\nBei rechenintensiven Anwendungen treten klare Engp\u00e4sse auf. Ursachen sind:\n<\/p>\n\n\n\n<ul class=\"wp-block-list\"><li>veraltete CPU-Architektur<\/li><li>begrenzte Grafikleistung<\/li><li>fehlende Optimierung f\u00fcr moderne Softwareanforderungen<\/li><\/ul>\n\n\n\n<p class=\"wp-block-paragraph\">\nDas Ger\u00e4t ist daher nicht mehr als prim\u00e4re Arbeitsplattform f\u00fcr anspruchsvolle Aufgaben geeignet.\n<\/p>\n\n\n\n<hr class=\"wp-block-separator\"\/>\n\n\n\n<h2 class=\"wp-block-heading\">4. Displayanalyse<\/h2>\n\n\n\n<p class=\"wp-block-paragraph\">\nDas Display bleibt ein zentraler Qualit\u00e4tsfaktor:\n<\/p>\n\n\n\n<ul class=\"wp-block-list\"><li>hohe Pixeldichte<\/li><li>3:2-Seitenverh\u00e4ltnis f\u00fcr produktives Arbeiten<\/li><li>pr\u00e4zise Farbdarstellung<\/li><\/ul>\n\n\n\n<p class=\"wp-block-paragraph\">\nAuch im Jahr 2026 ist die Anzeigequalit\u00e4t konkurrenzf\u00e4hig im mittleren bis oberen Segment.\n<\/p>\n\n\n\n<hr class=\"wp-block-separator\"\/>\n\n\n\n<h2 class=\"wp-block-heading\">5. Konstruktion und Ergonomie<\/h2>\n\n\n\n<p class=\"wp-block-paragraph\">\nDas Geh\u00e4use aus Metall vermittelt Stabilit\u00e4t und Wertigkeit. Der integrierte Kickstand erm\u00f6glicht flexible Arbeitswinkel.\n<\/p>\n\n\n\n<p class=\"wp-block-paragraph\">\nLangzeitnutzung zeigt jedoch typische Verschlei\u00dferscheinungen:\n<\/p>\n\n\n\n<ul class=\"wp-block-list\"><li>Kratzanf\u00e4lligkeit der Oberfl\u00e4che<\/li><li>mechanische Abnutzung beweglicher Teile<\/li><\/ul>\n\n\n\n<hr class=\"wp-block-separator\"\/>\n\n\n\n<h2 class=\"wp-block-heading\">6. Schnittstellen<\/h2>\n\n\n\n<p class=\"wp-block-paragraph\">\nDie Anschlussausstattung ist \u00fcberdurchschnittlich umfangreich:\n<\/p>\n\n\n\n<ul class=\"wp-block-list\"><li>USB-A<\/li><li>USB-C<\/li><li>Thunderbolt 3<\/li><li>HDMI<\/li><\/ul>\n\n\n\n<p class=\"wp-block-paragraph\">\nDiese Vielfalt stellt auch heute noch einen praktischen Vorteil dar.\n<\/p>\n\n\n\n<hr class=\"wp-block-separator\"\/>\n\n\n\n<h2 class=\"wp-block-heading\">7. Energieversorgung und Akkuproblematik<\/h2>\n\n\n\n<p class=\"wp-block-paragraph\">\nDie Akkuleistung ist der kritischste Punkt in der Langzeitbetrachtung.\n<\/p>\n\n\n\n<ul class=\"wp-block-list\"><li>urspr\u00fcngliche Laufzeit: etwa 5\u20136 Stunden<\/li><li>aktuelle Laufzeit (typisch): unter 3 Stunden<\/li><\/ul>\n\n\n\n<p class=\"wp-block-paragraph\">\nDie Degradation des Energiespeichers ist altersbedingt und technisch unvermeidbar. In diesem Kontext gewinnt der Austausch an Bedeutung.\n<\/p>\n\n\n\n<p class=\"wp-block-paragraph\">\nEin neuer <a href=\"https:\/\/www.batteriewelt.com\/detail\/4411\/C21N1603\">Asus Transformer 3 Pro Akku<\/a> stellt die praktikabelste Ma\u00dfnahme zur Wiederherstellung der Mobilit\u00e4t dar.\n<\/p>\n\n\n\n<p class=\"wp-block-paragraph\">\nInsbesondere der Einsatz eines <a href=\"https:\/\/www.batteriewelt.com\/detail\/4411\/C21N1603\">C21N1603 Ersatzakku<\/a> erm\u00f6glicht eine signifikante Verbesserung der Nutzungsdauer.\n<\/p>\n\n\n\n<p class=\"wp-block-paragraph\">\nDer Vorgang <a href=\"https:\/\/www.batteriewelt.com\/detail\/4411\/C21N1603\">Asus T303UA Batterie wechseln<\/a> ist damit eine wirtschaftlich sinnvolle Alternative zur Neuanschaffung.\n<\/p>\n\n\n\n<hr class=\"wp-block-separator\"\/>\n\n\n\n<h2 class=\"wp-block-heading\">8. Thermik und Ger\u00e4uschentwicklung<\/h2>\n\n\n\n<p class=\"wp-block-paragraph\">\nDas aktive K\u00fchlsystem arbeitet unter Last h\u00f6rbar. Besonders Modelle mit Core i7 zeigen eine erh\u00f6hte Ger\u00e4uschentwicklung bei Dauerbelastung.\n<\/p>\n\n\n\n<p class=\"wp-block-paragraph\">\nF\u00fcr ger\u00e4uschsensible Arbeitsumgebungen ist dies ein relevanter Nachteil.\n<\/p>\n\n\n\n<hr class=\"wp-block-separator\"\/>\n\n\n\n<h2 class=\"wp-block-heading\">9. Einordnung im Jahr 2026<\/h2>\n\n\n\n<h3 class=\"wp-block-heading\">Geeignete Einsatzbereiche<\/h3>\n\n\n\n<ul class=\"wp-block-list\"><li>Textverarbeitung<\/li><li>Webanwendungen<\/li><li>Multimedia-Nutzung<\/li><\/ul>\n\n\n\n<h3 class=\"wp-block-heading\">Eingeschr\u00e4nkte Einsatzbereiche<\/h3>\n\n\n\n<ul class=\"wp-block-list\"><li>Softwareentwicklung mit hoher Last<\/li><li>moderne Content-Creation<\/li><li>3D-Anwendungen oder Gaming<\/li><\/ul>\n\n\n\n<hr class=\"wp-block-separator\"\/>\n\n\n\n<h2 class=\"wp-block-heading\">10. Schlussbewertung<\/h2>\n\n\n\n<p class=\"wp-block-paragraph\">\nDas Asus Transformer 3 Pro ist ein technisch \u00fcberholtes, aber weiterhin funktionales System f\u00fcr grundlegende Aufgaben.\n<\/p>\n\n\n\n<p class=\"wp-block-paragraph\">\nDie gr\u00f6\u00dfte Einschr\u00e4nkung liegt in der Akkuleistung. Ein Austausch durch einen <a href=\"https:\/\/www.batteriewelt.com\/detail\/4411\/C21N1603\">Asus Transformer 3 Pro Akku<\/a> kann die praktische Nutzbarkeit erheblich verbessern.\n<\/p>\n\n\n\n<p class=\"wp-block-paragraph\">\nInsgesamt ist das Ger\u00e4t im Jahr 2026 nur noch als Zweitsystem sinnvoll einsetzbar, kann jedoch durch gezielte Wartung, insbesondere mittels <a href=\"https:\/\/www.batteriewelt.com\/detail\/4411\/C21N1603\">C21N1603 Ersatzakku<\/a>, weiterhin wirtschaftlich betrieben werden.\n<\/p>\n","protected":false},"excerpt":{"rendered":"<p>1. Marktposition und Konzept Das Asus Transformer 3 Pro wurde als Premium-2-in-1-System konzipiert und positionierte sich direkt im Wettbewerb mit Microsofts Surface-Serie. Ziel war die Verbindung von Tablet-Mobilit\u00e4t mit Notebook-Funktionalit\u00e4t unter Einsatz leistungsf\u00e4higer x86-Hardware. Aus heutiger Sicht handelt es sich um ein Ger\u00e4t, das konzeptionell weiterhin relevant ist, dessen technische Basis jedoch deutlich gealtert ist. [&hellip;]<\/p>\n","protected":false},"author":1,"featured_media":0,"comment_status":"open","ping_status":"open","sticky":true,"template":"","format":"standard","meta":{"footnotes":""},"categories":[130],"tags":[785],"class_list":["post-3718","post","type-post","status-publish","format-standard","hentry","category-tablet-pc","tag-asus-transformer-3-pro"],"_links":{"self":[{"href":"https:\/\/www.batteriewelt.com\/akkublog\/index.php?rest_route=\/wp\/v2\/posts\/3718","targetHints":{"allow":["GET"]}}],"collection":[{"href":"https:\/\/www.batteriewelt.com\/akkublog\/index.php?rest_route=\/wp\/v2\/posts"}],"about":[{"href":"https:\/\/www.batteriewelt.com\/akkublog\/index.php?rest_route=\/wp\/v2\/types\/post"}],"author":[{"embeddable":true,"href":"https:\/\/www.batteriewelt.com\/akkublog\/index.php?rest_route=\/wp\/v2\/users\/1"}],"replies":[{"embeddable":true,"href":"https:\/\/www.batteriewelt.com\/akkublog\/index.php?rest_route=%2Fwp%2Fv2%2Fcomments&post=3718"}],"version-history":[{"count":1,"href":"https:\/\/www.batteriewelt.com\/akkublog\/index.php?rest_route=\/wp\/v2\/posts\/3718\/revisions"}],"predecessor-version":[{"id":3719,"href":"https:\/\/www.batteriewelt.com\/akkublog\/index.php?rest_route=\/wp\/v2\/posts\/3718\/revisions\/3719"}],"wp:attachment":[{"href":"https:\/\/www.batteriewelt.com\/akkublog\/index.php?rest_route=%2Fwp%2Fv2%2Fmedia&parent=3718"}],"wp:term":[{"taxonomy":"category","embeddable":true,"href":"https:\/\/www.batteriewelt.com\/akkublog\/index.php?rest_route=%2Fwp%2Fv2%2Fcategories&post=3718"},{"taxonomy":"post_tag","embeddable":true,"href":"https:\/\/www.batteriewelt.com\/akkublog\/index.php?rest_route=%2Fwp%2Fv2%2Ftags&post=3718"}],"curies":[{"name":"wp","href":"https:\/\/api.w.org\/{rel}","templated":true}]}}