{"id":3503,"date":"2025-12-05T04:20:18","date_gmt":"2025-12-05T03:20:18","guid":{"rendered":"http:\/\/www.batteriewelt.com\/akkublog\/?p=3503"},"modified":"2025-12-06T04:20:32","modified_gmt":"2025-12-06T03:20:32","slug":"ipad-pro-12-9-generation-im-langzeittest-und-warum-ein-hochwertiger-ersatzakku-das-gerat-wiederbelebt","status":"publish","type":"post","link":"https:\/\/www.batteriewelt.com\/akkublog\/?p=3503","title":{"rendered":"iPad Pro 12.9 Generation im Langzeittest und warum ein hochwertiger Ersatzakku das Ger\u00e4t wiederbelebt"},"content":{"rendered":"\n<p class=\"wp-block-paragraph\">Das iPad Pro 12.9 Zoll der 2. Generation geh\u00f6rt trotz seines Ver\u00f6ffentlichungsjahres 2017 zu den best\u00e4ndigsten Tablets auf dem Markt. Viele Nutzer sch\u00e4tzen die Kombination aus gro\u00dfem Display, solider Performance und vielseitigem Einsatzspektrum. Dennoch zeigt sich im Laufe der Jahre ein Schwachpunkt, der bei nahezu allen \u00e4lteren iPads auftritt: die nachlassende Akkukapazit\u00e4t. Genau hier kommt ein hochwertiger <em><a href=\"https:\/\/www.batteriewelt.com\/detail\/10608\/A1754\">iPad Pro Akku A1754<\/a><\/em> ins Spiel.<\/p>\n\n\n\n<p class=\"wp-block-paragraph\">In diesem Beitrag analysiere ich ausf\u00fchrlich die St\u00e4rken und Grenzen des iPad Pro 12.9&#8243; (2. Gen.), die Herausforderungen bei der Reparatur sowie den Nutzen eines verl\u00e4sslichen <em><a href=\"https:\/\/www.batteriewelt.com\/detail\/10608\/A1754\">A1754 Ersatzakku<\/a><\/em>. Ziel ist es, aufzuzeigen, warum sich die Investition in einen neuen Akku lohnt und wie sie die Lebensdauer des Ger\u00e4ts erheblich verl\u00e4ngern kann.<\/p>\n\n\n\n<hr class=\"wp-block-separator\"\/>\n\n\n\n<h2 class=\"wp-block-heading\">Display und Verarbeitung<\/h2>\n\n\n\n<p class=\"wp-block-paragraph\">Das 12.9-Zoll-Retina-Display mit 2732 \u00d7 2048 Pixeln, P3-Farbraum, True Tone und hochwertiger Laminierung geh\u00f6rt nach wie vor zur Spitzenklasse. Farbtreue, Blickwinkelstabilit\u00e4t und Helligkeit stehen aktuellen Mittelklasse-Tablets kaum nach. Viele Anwender bescheinigen dem Display bis heute eine beeindruckend klare Darstellung f\u00fcr Medienkonsum, Grafikarbeit und Notizen.<\/p>\n\n\n\n<p class=\"wp-block-paragraph\">Die Verarbeitung ist typisch Apple: robust, hochwertig und gleichzeitig sehr schlank. Dieses Design hat jedoch seinen Preis, denn die aufwendige Verklebung erschwert Reparaturen erheblich. Wer den Akku austauschen m\u00f6chte, steht vor einer technisch anspruchsvollen Aufgabe, weshalb ein zuverl\u00e4ssiger <em><a href=\"https:\/\/www.batteriewelt.com\/detail\/10608\/A1754\">iPad Pro Akku A1754<\/a><\/em> als Ersatzteil besonders relevant ist.<\/p>\n\n\n\n<hr class=\"wp-block-separator\"\/>\n\n\n\n<h2 class=\"wp-block-heading\">Leistung im Jahr 2025<\/h2>\n\n\n\n<p class=\"wp-block-paragraph\">Auch wenn die Hardware inzwischen mehrere Generationen alt ist, bietet der A10X-Prozessor gen\u00fcgend Reserven f\u00fcr allt\u00e4gliche Aufgaben wie Surfen, Video-Streaming, Schreibarbeit, leichte Bildbearbeitung und digitales Zeichnen. Die Unterst\u00fctzung des Apple Pencil der 1. Generation macht das Tablet zus\u00e4tzlich attraktiv f\u00fcr Studierende, Kreative und berufliche Vielnutzer im Dokumenten-Workflow.<\/p>\n\n\n\n<p class=\"wp-block-paragraph\">In Foren und Erfahrungsberichten l\u00e4sst sich h\u00e4ufig nachlesen, dass das Ger\u00e4t selbst mit etwas reduzierter Akkugesundheit weiterhin zuverl\u00e4ssig arbeitet. Dennoch berichten viele, dass Standby-Verbrauch und maximale Laufzeit deutlich nachlassen. Deshalb ist ein qualitativ hochwertiger <em><a href=\"https:\/\/www.batteriewelt.com\/detail\/10608\/A1754\">A1754 Ersatzakku<\/a><\/em> ein entscheidender Baustein, um das Tablet wieder alltagstauglich zu machen.<\/p>\n\n\n\n<hr class=\"wp-block-separator\"\/>\n\n\n\n<h2 class=\"wp-block-heading\">Schw\u00e4chen und bekannte Probleme<\/h2>\n\n\n\n<p class=\"wp-block-paragraph\">Obwohl das Ger\u00e4t funktional beeindruckend bleibt, h\u00e4ufen sich folgende Einschr\u00e4nkungen:<\/p>\n\n\n\n<ol class=\"wp-block-list\"><li>\nDie Reparierbarkeit ist gering, da Display, Geh\u00e4use und Akku stark verklebt sind.\n<\/li><li>\nEinige Werkst\u00e4tten lehnen Reparaturen aufgrund des Risikos ab.\n<\/li><li>\nModerne Funktionen wie USB-C, Apple Pencil 2 oder die Leistung aktueller iPad-Generationen fehlen.\n<\/li><\/ol>\n\n\n\n<p class=\"wp-block-paragraph\">Trotzdem bleibt das Ger\u00e4t wertvoll, wenn die Akkuleistung wieder stimmt. Die Anschaffung eines <em><a href=\"https:\/\/www.batteriewelt.com\/detail\/10608\/A1754\">iPad Pro Akku A1754<\/a><\/em> ist daher eine sinnvolle Ma\u00dfnahme, um die Nutzbarkeit zu verbessern und das Tablet weiterhin produktiv einzusetzen.<\/p>\n\n\n\n<hr class=\"wp-block-separator\"\/>\n\n\n\n<h2 class=\"wp-block-heading\">Warum ein neuer Akku entscheidend ist<\/h2>\n\n\n\n<p class=\"wp-block-paragraph\">Li-Ion-Akkus altern naturgem\u00e4\u00df mit jedem Ladezyklus. Abnutzung f\u00fchrt zu:<\/p>\n\n\n\n<ul class=\"wp-block-list\"><li>\nschnellerem Entladen\n<\/li><li>\nschw\u00e4cherem Standby-Verhalten\n<\/li><li>\nunerwarteten Abschaltungen\n<\/li><li>\nsinkender maximaler Kapazit\u00e4t\n<\/li><\/ul>\n\n\n\n<p class=\"wp-block-paragraph\">Ein hochwertiger <em><a href=\"https:\/\/www.batteriewelt.com\/detail\/10608\/A1754\">A1754 Ersatzakku<\/a><\/em> kann diese Probleme beheben und bringt mehrere Vorteile:<\/p>\n\n\n\n<ul class=\"wp-block-list\"><li>\nverl\u00e4ngerte Laufzeit\n<\/li><li>\nstabileres Energiemanagement\n<\/li><li>\nzuverl\u00e4ssiger Betrieb unter Last\n<\/li><li>\ngeringere Hitzeentwicklung\n<\/li><li>\nverl\u00e4ngerte Lebensdauer des gesamten Ger\u00e4ts\n<\/li><\/ul>\n\n\n\n<p class=\"wp-block-paragraph\">F\u00fcr Nutzer, deren Display und sonstige Hardware noch einwandfrei funktionieren, ist ein Akkuwechsel wirtschaftlich deutlich sinnvoller als die Anschaffung eines neuen iPads.<\/p>\n\n\n\n<hr class=\"wp-block-separator\"\/>\n\n\n\n<h2 class=\"wp-block-heading\">Fazit: Lohnt sich ein Akkuwechsel beim iPad Pro 12.9&#8243; 2. Generation?<\/h2>\n\n\n\n<p class=\"wp-block-paragraph\">Das iPad Pro 12.9&#8243; der 2. Generation bleibt ein bemerkenswert leistungsf\u00e4higes Tablet f\u00fcr Medienkonsum, Schreiben, Studium, Digital-Art und B\u00fcroarbeit. Solange Display und Geh\u00e4use in gutem Zustand sind, ist das Ger\u00e4t selbst im Jahr 2025 noch \u00e4u\u00dferst n\u00fctzlich.<\/p>\n\n\n\n<p class=\"wp-block-paragraph\">Da die gr\u00f6\u00dfte Schwachstelle meist die Akkuleistung ist, stellt ein hochwertiger <em><a href=\"https:\/\/www.batteriewelt.com\/detail\/10608\/A1754\">iPad Pro Akku A1754<\/a><\/em> eine der effektivsten M\u00f6glichkeiten dar, das Tablet zu revitalisieren. Ein verl\u00e4sslicher <em><a href=\"https:\/\/www.batteriewelt.com\/detail\/10608\/A1754\">A1754 Ersatzakku<\/a><\/em> bietet die Chance, das Ger\u00e4t noch mehrere Jahre produktiv und stabil einzusetzen, ohne Abstriche bei Mobilit\u00e4t oder Zuverl\u00e4ssigkeit zu machen.<\/p>\n","protected":false},"excerpt":{"rendered":"<p>Das iPad Pro 12.9 Zoll der 2. Generation geh\u00f6rt trotz seines Ver\u00f6ffentlichungsjahres 2017 zu den best\u00e4ndigsten Tablets auf dem Markt. Viele Nutzer sch\u00e4tzen die Kombination aus gro\u00dfem Display, solider Performance und vielseitigem Einsatzspektrum. Dennoch zeigt sich im Laufe der Jahre ein Schwachpunkt, der bei nahezu allen \u00e4lteren iPads auftritt: die nachlassende Akkukapazit\u00e4t. Genau hier kommt [&hellip;]<\/p>\n","protected":false},"author":1,"featured_media":0,"comment_status":"open","ping_status":"open","sticky":true,"template":"","format":"standard","meta":{"footnotes":""},"categories":[12],"tags":[686],"class_list":["post-3503","post","type-post","status-publish","format-standard","hentry","category-smartphone","tag-ipad-pro"],"_links":{"self":[{"href":"https:\/\/www.batteriewelt.com\/akkublog\/index.php?rest_route=\/wp\/v2\/posts\/3503","targetHints":{"allow":["GET"]}}],"collection":[{"href":"https:\/\/www.batteriewelt.com\/akkublog\/index.php?rest_route=\/wp\/v2\/posts"}],"about":[{"href":"https:\/\/www.batteriewelt.com\/akkublog\/index.php?rest_route=\/wp\/v2\/types\/post"}],"author":[{"embeddable":true,"href":"https:\/\/www.batteriewelt.com\/akkublog\/index.php?rest_route=\/wp\/v2\/users\/1"}],"replies":[{"embeddable":true,"href":"https:\/\/www.batteriewelt.com\/akkublog\/index.php?rest_route=%2Fwp%2Fv2%2Fcomments&post=3503"}],"version-history":[{"count":1,"href":"https:\/\/www.batteriewelt.com\/akkublog\/index.php?rest_route=\/wp\/v2\/posts\/3503\/revisions"}],"predecessor-version":[{"id":3504,"href":"https:\/\/www.batteriewelt.com\/akkublog\/index.php?rest_route=\/wp\/v2\/posts\/3503\/revisions\/3504"}],"wp:attachment":[{"href":"https:\/\/www.batteriewelt.com\/akkublog\/index.php?rest_route=%2Fwp%2Fv2%2Fmedia&parent=3503"}],"wp:term":[{"taxonomy":"category","embeddable":true,"href":"https:\/\/www.batteriewelt.com\/akkublog\/index.php?rest_route=%2Fwp%2Fv2%2Fcategories&post=3503"},{"taxonomy":"post_tag","embeddable":true,"href":"https:\/\/www.batteriewelt.com\/akkublog\/index.php?rest_route=%2Fwp%2Fv2%2Ftags&post=3503"}],"curies":[{"name":"wp","href":"https:\/\/api.w.org\/{rel}","templated":true}]}}