{"id":2561,"date":"2023-01-09T03:48:08","date_gmt":"2023-01-09T02:48:08","guid":{"rendered":"http:\/\/www.batteriewelt.com\/akkublog\/?p=2561"},"modified":"2023-01-09T03:48:08","modified_gmt":"2023-01-09T02:48:08","slug":"ende-der-chipkrise-in-sicht","status":"publish","type":"post","link":"https:\/\/www.batteriewelt.com\/akkublog\/?p=2561","title":{"rendered":"Ende der Chipkrise in Sicht"},"content":{"rendered":"\n<p class=\"wp-block-paragraph\">Die weltweite Chipkrise, die in den vergangenen Jahren wichtige Wirtschaftsbereiche stark behindert hat, wird nach Einsch\u00e4tzung des f\u00fchrenden US-Elektronikverbandes 2023 \u00fcberwunden.<\/p>\n\n\n\n<p class=\"wp-block-paragraph\">&#8220;Der riesige Bedarf aus den Pandemiezeiten l\u00e4sst nach&#8221;, sagte Steve Koenig, Chef-Markforscher des Verbandes CTA, zum Auftakt der Technikmesse CES in Las Vegas. Dies sei zun\u00e4chst eine gute Nachricht, weil dadurch endlich wieder Chips verf\u00fcgbar seien.<\/p>\n\n\n\n<p class=\"wp-block-paragraph\">Die \u00fcberlangen Vorlaufzeiten w\u00fcrden sich langsam wieder normalisieren, auch weil mehr Produktionsst\u00e4tten den Betrieb aufn\u00e4hmen. F\u00fcr die Branche k\u00f6nnten dies aber auch Vorboten von Problemen sein: &#8220;Wir werden uns von einer Chip-Knappheit zu einem m\u00f6glichen \u00dcberangebot hin entwickeln.&#8221;<\/p>\n\n\n\n<p class=\"wp-block-paragraph\">Koenig warnte am Dienstag (Ortszeit) davor, das vieldiskutierte Metaverse als eine Marotte des Facebook-Gr\u00fcnders Mark Zuckerberg abzutun. &#8220;F\u00fcr mich ist das Metaverse die n\u00e4chste Generation des Internets&#8221;, sagte der Manager des CES-Veranstalters.<\/p>\n\n\n\n<p class=\"wp-block-paragraph\">Das Metaverse bezeichnet zum einen eine digitale und interaktive Umgebung, die mit einer Virtual-Reality-Brille betreten werden kann. Darin k\u00f6nnen User als Avatare arbeiten, spielen, sich treffen oder einkaufen. Zum Metaverse werden aber auch Anwendungen gerechnet, bei denen digitale Informationen im realen Sichtfeld der Anwenderinnen und Anwender angezeigt werden &#8211; die sogenannte &#8220;erweiterte Realit\u00e4t&#8221; (augmented reality).<\/p>\n\n\n\n<p class=\"wp-block-paragraph\">Koenig verwies dabei unter anderem auf die Aktivit\u00e4ten von Sony. Der japanischen Elektronikriese k\u00fcndigte bereits vor der CES an, dass die neue Virtual-Reality-Brille Playstation VR2 bald auf den Markt kommen soll. Au\u00dferdem stellten der Autohersteller Stellantis und Microsoft auf der CES einen Ausstellungsraum im Metaverse vor. Und ein Unternehmen namens OVR pr\u00e4sentiert eine L\u00f6sung, mit der man im Metaversum Ger\u00fcche vermitteln kann.<\/p>\n","protected":false},"excerpt":{"rendered":"<p>Die weltweite Chipkrise, die in den vergangenen Jahren wichtige Wirtschaftsbereiche stark behindert hat, wird nach Einsch\u00e4tzung des f\u00fchrenden US-Elektronikverbandes 2023 \u00fcberwunden. &#8220;Der riesige Bedarf aus den Pandemiezeiten l\u00e4sst nach&#8221;, sagte Steve Koenig, Chef-Markforscher des Verbandes CTA, zum Auftakt der Technikmesse CES in Las Vegas. Dies sei zun\u00e4chst eine gute Nachricht, weil dadurch endlich wieder Chips [&hellip;]<\/p>\n","protected":false},"author":1,"featured_media":0,"comment_status":"open","ping_status":"open","sticky":false,"template":"","format":"standard","meta":{"footnotes":""},"categories":[1],"tags":[],"class_list":["post-2561","post","type-post","status-publish","format-standard","hentry","category-uncategorized"],"_links":{"self":[{"href":"https:\/\/www.batteriewelt.com\/akkublog\/index.php?rest_route=\/wp\/v2\/posts\/2561","targetHints":{"allow":["GET"]}}],"collection":[{"href":"https:\/\/www.batteriewelt.com\/akkublog\/index.php?rest_route=\/wp\/v2\/posts"}],"about":[{"href":"https:\/\/www.batteriewelt.com\/akkublog\/index.php?rest_route=\/wp\/v2\/types\/post"}],"author":[{"embeddable":true,"href":"https:\/\/www.batteriewelt.com\/akkublog\/index.php?rest_route=\/wp\/v2\/users\/1"}],"replies":[{"embeddable":true,"href":"https:\/\/www.batteriewelt.com\/akkublog\/index.php?rest_route=%2Fwp%2Fv2%2Fcomments&post=2561"}],"version-history":[{"count":1,"href":"https:\/\/www.batteriewelt.com\/akkublog\/index.php?rest_route=\/wp\/v2\/posts\/2561\/revisions"}],"predecessor-version":[{"id":2562,"href":"https:\/\/www.batteriewelt.com\/akkublog\/index.php?rest_route=\/wp\/v2\/posts\/2561\/revisions\/2562"}],"wp:attachment":[{"href":"https:\/\/www.batteriewelt.com\/akkublog\/index.php?rest_route=%2Fwp%2Fv2%2Fmedia&parent=2561"}],"wp:term":[{"taxonomy":"category","embeddable":true,"href":"https:\/\/www.batteriewelt.com\/akkublog\/index.php?rest_route=%2Fwp%2Fv2%2Fcategories&post=2561"},{"taxonomy":"post_tag","embeddable":true,"href":"https:\/\/www.batteriewelt.com\/akkublog\/index.php?rest_route=%2Fwp%2Fv2%2Ftags&post=2561"}],"curies":[{"name":"wp","href":"https:\/\/api.w.org\/{rel}","templated":true}]}}