{"id":2479,"date":"2022-11-08T03:11:55","date_gmt":"2022-11-08T02:11:55","guid":{"rendered":"http:\/\/www.batteriewelt.com\/akkublog\/?p=2479"},"modified":"2022-11-08T03:11:55","modified_gmt":"2022-11-08T02:11:55","slug":"lieferprobleme-beim-iphone-14-pro","status":"publish","type":"post","link":"https:\/\/www.batteriewelt.com\/akkublog\/?p=2479","title":{"rendered":"Lieferprobleme beim iPhone 14 Pro"},"content":{"rendered":"\n<p class=\"wp-block-paragraph\">Weihnachten ist traditionell die beste Zeit f\u00fcrs Apple-Gesch\u00e4ft. In diesem Jahr werden viele K\u00e4ufer des iPhone 14 Pro jedoch l\u00e4nger auf ihre Ger\u00e4te warten m\u00fcssen.<\/p>\n\n\n\n<p class=\"wp-block-paragraph\">Mitten im wichtigen Weihnachtsgesch\u00e4ft hat Apple mit erheblichen Lieferengp\u00e4ssen beim neuen iPhone 14 Pro zu k\u00e4mpfen. Die Produktion im Hauptwerk in China werde aktuell von Covid-Einschr\u00e4nkungen beeintr\u00e4chtigt, teilte Apple in der Nacht zum Montag mit. Die Fabrik laufe mit deutlich reduziertem Aussto\u00df. F\u00fcr die Kunden werde das l\u00e4ngere Wartezeiten bedeuten.<\/p>\n\n\n\n<p class=\"wp-block-paragraph\">Das Werk des taiwanischen Auftragsfertigers Foxconn in Zhengzhou ist von Corona-Lockdowns der Regionalregierung betroffen. Die Fabrik arbeitet zumindest teilweise, da einige Mitarbeiter das Gel\u00e4nde nicht verlassen. Die Einschr\u00e4nkungen k\u00f6nnten aber auch den Fluss von Bauteilen ins Werk unterbrechen. Apple teilte mit, man arbeite zusammen mit dem Fertiger daran, die Produktion wieder auf normales Niveau zu bekommen, ohne die Gesundheit der Mitarbeiter zu gef\u00e4hrden.<\/p>\n\n\n\n<p class=\"wp-block-paragraph\">iPhone 14 Pro als auch iPhone 14 Pro Max betroffen<br>\nIn den Weihnachtsquartalen macht Apple traditionell das gr\u00f6\u00dfte Gesch\u00e4ft &#8211; und verdr\u00e4ngt sogar meist Samsung von der Spitzenposition im Smartphone-Markt. Von den Engp\u00e4ssen seien sowohl das iPhone 14 Pro als auch das gr\u00f6\u00dfere iPhone 14 Pro Max betroffen, teilte Apple mit.<\/p>\n\n\n\n<p class=\"wp-block-paragraph\">Die Modelle waren erst im September 2022 zusammen mit dem iPhone 14 auf den Markt gekommen. Die teureren Pro-Versionen stattete Apple in diesem Jahr unter anderem mit deutlich besseren Kameras aus als die Basis-Modelle sowie mit zus\u00e4tzlichen Software-Funktionen &#8211; und sie sind laut Marktforschern entsprechend popul\u00e4r. Die Nachfrage sei ungebrochen, betonte Apple. Die Lieferprobleme d\u00fcrften auch auf die Gesch\u00e4ftszahlen durchschlagen. Der Konzern hatte mit Blick auf den starken Dollar die Preise in Europa zum Teil deutlich erh\u00f6ht.<\/p>\n\n\n\n<p class=\"wp-block-paragraph\">Im Weihnachtsgesch\u00e4ft 2021 hatte Apple mit einem Gewinnplus von mehr als 20 Prozent auf 34,6 Milliarden Dollar erneut ein Rekordquartal eingefahren. Der Umsatz stieg um rund elf Prozent auf 123,9 Milliarden Dollar, ebenfalls ein Bestwert. Der iPhone-Konzern trotzte damit den globalen Komponenten-Engp\u00e4ssen, die damals die Branche bremsten. Das iPhone war dabei abermals der gr\u00f6\u00dfte Umsatzbringer mit 71,6 Milliarden Dollar. Apple gab keine Prognose f\u00fcr das laufende Quartal ab, Analysten rechneten aber mit einem Umsatzplus. <\/p>\n","protected":false},"excerpt":{"rendered":"<p>Weihnachten ist traditionell die beste Zeit f\u00fcrs Apple-Gesch\u00e4ft. In diesem Jahr werden viele K\u00e4ufer des iPhone 14 Pro jedoch l\u00e4nger auf ihre Ger\u00e4te warten m\u00fcssen. Mitten im wichtigen Weihnachtsgesch\u00e4ft hat Apple mit erheblichen Lieferengp\u00e4ssen beim neuen iPhone 14 Pro zu k\u00e4mpfen. Die Produktion im Hauptwerk in China werde aktuell von Covid-Einschr\u00e4nkungen beeintr\u00e4chtigt, teilte Apple in [&hellip;]<\/p>\n","protected":false},"author":1,"featured_media":0,"comment_status":"open","ping_status":"open","sticky":false,"template":"","format":"standard","meta":{"footnotes":""},"categories":[1],"tags":[],"class_list":["post-2479","post","type-post","status-publish","format-standard","hentry","category-uncategorized"],"_links":{"self":[{"href":"https:\/\/www.batteriewelt.com\/akkublog\/index.php?rest_route=\/wp\/v2\/posts\/2479","targetHints":{"allow":["GET"]}}],"collection":[{"href":"https:\/\/www.batteriewelt.com\/akkublog\/index.php?rest_route=\/wp\/v2\/posts"}],"about":[{"href":"https:\/\/www.batteriewelt.com\/akkublog\/index.php?rest_route=\/wp\/v2\/types\/post"}],"author":[{"embeddable":true,"href":"https:\/\/www.batteriewelt.com\/akkublog\/index.php?rest_route=\/wp\/v2\/users\/1"}],"replies":[{"embeddable":true,"href":"https:\/\/www.batteriewelt.com\/akkublog\/index.php?rest_route=%2Fwp%2Fv2%2Fcomments&post=2479"}],"version-history":[{"count":1,"href":"https:\/\/www.batteriewelt.com\/akkublog\/index.php?rest_route=\/wp\/v2\/posts\/2479\/revisions"}],"predecessor-version":[{"id":2480,"href":"https:\/\/www.batteriewelt.com\/akkublog\/index.php?rest_route=\/wp\/v2\/posts\/2479\/revisions\/2480"}],"wp:attachment":[{"href":"https:\/\/www.batteriewelt.com\/akkublog\/index.php?rest_route=%2Fwp%2Fv2%2Fmedia&parent=2479"}],"wp:term":[{"taxonomy":"category","embeddable":true,"href":"https:\/\/www.batteriewelt.com\/akkublog\/index.php?rest_route=%2Fwp%2Fv2%2Fcategories&post=2479"},{"taxonomy":"post_tag","embeddable":true,"href":"https:\/\/www.batteriewelt.com\/akkublog\/index.php?rest_route=%2Fwp%2Fv2%2Ftags&post=2479"}],"curies":[{"name":"wp","href":"https:\/\/api.w.org\/{rel}","templated":true}]}}