{"id":2146,"date":"2022-06-10T03:29:25","date_gmt":"2022-06-10T02:29:25","guid":{"rendered":"http:\/\/www.batteriewelt.com\/akkublog\/?p=2146"},"modified":"2022-06-10T03:29:25","modified_gmt":"2022-06-10T02:29:25","slug":"mehr-ipads-aus-vietnam","status":"publish","type":"post","link":"https:\/\/www.batteriewelt.com\/akkublog\/?p=2146","title":{"rendered":"Mehr iPads aus Vietnam"},"content":{"rendered":"\n<p class=\"wp-block-paragraph\">Bevor die Abh\u00e4ngigkeit von China zu einem noch gr\u00f6\u00dferen Problem wird, baut Apple andere Standorte aus.<\/p>\n\n\n\n<p class=\"wp-block-paragraph\">Apple verlagert Teile seiner iPad-Produktion aus China nach Vietnam, berichtet Arstechnica. Apple reagiere damit auf die St\u00f6rungen der Produktion, die durch die j\u00fcngsten Lockdowns in Shanghai ausgel\u00f6st wurden. Zwar k\u00f6nne man auch in Vietnam nicht vor weiteren Ausbr\u00fcchen der Pandemie sicher sein, die Diversifizierung der Lieferkette macht sie aber weniger st\u00f6rungsanf\u00e4llig.<\/p>\n\n\n\n<p class=\"wp-block-paragraph\">In Vietnam l\u00e4sst Apple bereits Airpods und Homepods produzieren, auch hatte Apple schon iPads dort bauen lassen. Au\u00dferhalb Chinas entstehen derzeit schon in Indien eine kleine Menge iPhones, den Mac Pro baut Apple in Texas. Die Ausweitung der Produktion in Vietnam hatte Apple bereits f\u00fcr 2020 und 2021 geplant, wegen Covid aber verschieben m\u00fcssen.<\/p>\n\n\n\n<p class=\"wp-block-paragraph\">Mitte Mai hatte sich Apple-CEO Tim Cook mit dem vietnamesischen Premierminister Pham Minh Chinh im Apple Park in Cupertino getroffen, um \u00fcber die Gesch\u00e4fte Apples im Land zu sprechen. Bisher sind in 31 Zulieferfirmen etwa 160.000 Arbeiter:innen besch\u00e4ftigt.<\/p>\n\n\n\n<p class=\"wp-block-paragraph\">Foxconn wiegelt ab<br>\nEin wesentlicher Partner Apples ist das taiwanische Unternehmen Foxconn, das die meisten seiner Manufakturen, in denen iPhones, iPads und Macs entstehen, in der Volksrepublik China betreibt. Vorwiegend im S\u00fcden, in den Ballungsr\u00e4umen Shanghai und dem Perlflussdelta mit St\u00e4dten wie Shenzen und Ghuangzhou. In Shanghai lockern die Beh\u00f6rden erst langsam wieder die Infektionsschutzma\u00dfnahmen, die Folge des Auftretens der Omikron-Variante waren, vor denen chinesische Impfstoffe nicht sch\u00fctzen.<\/p>\n\n\n\n<p class=\"wp-block-paragraph\">Auf Apples Lieferf\u00e4higkeiten scheinen die j\u00fcngsten Probleme aber wenig Auswirkung zu haben, Foxconn widerspricht in seinen aktuellen Prognosen der Bef\u00fcrchtung, die anhaltende Covid-Kreise mit Lockdowns in Shanghai k\u00f6nnte einen wesentlichen Einfluss auf das iPhone 14 (Pro) und dessen Verf\u00fcgbarkeit haben. Foxconn verlege eben die Produktion in andere Fabriken, wenn Arbeiter wegen der Ma\u00dfnahmen nicht am Arbeitsplatz erscheinen k\u00f6nnen. &#8220;Die Auswirkungen der Schlie\u00dfung auf Foxconn sind insgesamt eher begrenzt. Das kann man an unseren Ums\u00e4tzen im April ablesen, und auch die Leistung im Mai ist besser als wir gesch\u00e4tzt haben&#8221;, erkl\u00e4rte Foxconn-Chef Young Liu gegen\u00fcber dem Branchenblatt Nikkei Asia. In der Vorausschau auf das restliche Jahr werde man trotz Krieg, Inflation und anderen Unw\u00e4gbarkeiten das Umsatzniveau halten k\u00f6nnen.<\/p>\n","protected":false},"excerpt":{"rendered":"<p>Bevor die Abh\u00e4ngigkeit von China zu einem noch gr\u00f6\u00dferen Problem wird, baut Apple andere Standorte aus. Apple verlagert Teile seiner iPad-Produktion aus China nach Vietnam, berichtet Arstechnica. Apple reagiere damit auf die St\u00f6rungen der Produktion, die durch die j\u00fcngsten Lockdowns in Shanghai ausgel\u00f6st wurden. Zwar k\u00f6nne man auch in Vietnam nicht vor weiteren Ausbr\u00fcchen der [&hellip;]<\/p>\n","protected":false},"author":1,"featured_media":0,"comment_status":"open","ping_status":"open","sticky":false,"template":"","format":"standard","meta":{"footnotes":""},"categories":[1],"tags":[],"class_list":["post-2146","post","type-post","status-publish","format-standard","hentry","category-uncategorized"],"_links":{"self":[{"href":"https:\/\/www.batteriewelt.com\/akkublog\/index.php?rest_route=\/wp\/v2\/posts\/2146","targetHints":{"allow":["GET"]}}],"collection":[{"href":"https:\/\/www.batteriewelt.com\/akkublog\/index.php?rest_route=\/wp\/v2\/posts"}],"about":[{"href":"https:\/\/www.batteriewelt.com\/akkublog\/index.php?rest_route=\/wp\/v2\/types\/post"}],"author":[{"embeddable":true,"href":"https:\/\/www.batteriewelt.com\/akkublog\/index.php?rest_route=\/wp\/v2\/users\/1"}],"replies":[{"embeddable":true,"href":"https:\/\/www.batteriewelt.com\/akkublog\/index.php?rest_route=%2Fwp%2Fv2%2Fcomments&post=2146"}],"version-history":[{"count":1,"href":"https:\/\/www.batteriewelt.com\/akkublog\/index.php?rest_route=\/wp\/v2\/posts\/2146\/revisions"}],"predecessor-version":[{"id":2147,"href":"https:\/\/www.batteriewelt.com\/akkublog\/index.php?rest_route=\/wp\/v2\/posts\/2146\/revisions\/2147"}],"wp:attachment":[{"href":"https:\/\/www.batteriewelt.com\/akkublog\/index.php?rest_route=%2Fwp%2Fv2%2Fmedia&parent=2146"}],"wp:term":[{"taxonomy":"category","embeddable":true,"href":"https:\/\/www.batteriewelt.com\/akkublog\/index.php?rest_route=%2Fwp%2Fv2%2Fcategories&post=2146"},{"taxonomy":"post_tag","embeddable":true,"href":"https:\/\/www.batteriewelt.com\/akkublog\/index.php?rest_route=%2Fwp%2Fv2%2Ftags&post=2146"}],"curies":[{"name":"wp","href":"https:\/\/api.w.org\/{rel}","templated":true}]}}