{"id":2140,"date":"2022-06-08T08:45:01","date_gmt":"2022-06-08T07:45:01","guid":{"rendered":"http:\/\/www.batteriewelt.com\/akkublog\/?p=2140"},"modified":"2022-06-08T08:45:01","modified_gmt":"2022-06-08T07:45:01","slug":"eu-einigung-auf-einheitliche-ladebuchsen","status":"publish","type":"post","link":"https:\/\/www.batteriewelt.com\/akkublog\/?p=2140","title":{"rendered":"EU-Einigung auf einheitliche Ladebuchsen"},"content":{"rendered":"\n<p class=\"wp-block-paragraph\">In vielen Haushalten sammeln sich Ladeger\u00e4te f\u00fcr Smartphones oder Tablets. Die EU macht dem nun ein Ende und legt USB-C als einheitlichen Standard f\u00fcr Ladebuchsen von zahlreichen Elektroger\u00e4ten fest.<br>\nHandy, Tablet, Kopfh\u00f6rer und Laptop brauchen &#8211; je nach Hersteller &#8211; oft verschiedene Ladekabel, damit ist k\u00fcnftig Schluss.<\/p>\n\n\n\n<p class=\"wp-block-paragraph\">Mit Blick auf Smartphones hatte sich vor allem der iPhone-Konzern Apple mit seinem hauseigenen Lightning-Anschluss gegen eine einheitliche L\u00f6sung in der EU bislang gewehrt. Am Dienstag einigten sich EU-Staaten und das Europaparlament darauf, dass es ab Mitte 2024 einheitliche Ladekabel geben wird. Die Details:<\/p>\n\n\n\n<p class=\"wp-block-paragraph\">Welche Ger\u00e4te sind betroffen?<br>\nZun\u00e4chst hatte die EU-Kommission vorgeschlagen, dass sechs Ger\u00e4te-Kategorien unter die neuen Regeln fallen sollen. Neben Smartphones waren das Tablets, Kopfh\u00f6rer, Lautsprecher, tragbare Spielekonsolen und Kameras. Das Parlament hatte in den Verhandlungen zudem durchsetzen k\u00f6nnen, dass auch Laptops, E-Reader, Tastaturen und Computer-M\u00e4use, Navis, Smartwatches und elektrisches Spielzeug dabei sind. Voraussetzung: Die Ger\u00e4te m\u00fcssen gro\u00df genug f\u00fcr einen entsprechenden Anschluss sein. F\u00fcr Laptops tritt die Regelung sp\u00e4ter in Kraft als f\u00fcr die anderen Produkte.<\/p>\n\n\n\n<p class=\"wp-block-paragraph\">Bekomme ich dann mit jedem Ger\u00e4t ein neues USB-C-Kabel?<br>\nNicht zwangsl\u00e4ufig. Das Ger\u00e4t selbst soll unabh\u00e4ngig von Ladeger\u00e4t und -kabel verkauft werden k\u00f6nnen. Verbraucher h\u00e4tten so die M\u00f6glichkeit zu entscheiden, ob sie ein zus\u00e4tzliches Kabel ben\u00f6tigen oder darauf verzichten. Nach vier Jahren soll der Nutzen \u00fcberpr\u00fcft werden, gegebenenfalls k\u00f6nnte der getrennte Verkauf dann sogar zur Pflicht werden.<\/p>\n\n\n\n<p class=\"wp-block-paragraph\">Was soll der Vorsto\u00df bewirken?<br>\nZum einen sollen Verbraucher davon profitieren &#8211; weil weniger Kabel in ihrem Haushalt sind und sie zudem Geld sparen, wenn sie nicht mit jedem Ger\u00e4t ein neues Netzteil erwerben m\u00fcssen. Zum anderen soll Elektroschrott vermieden werden. Die EU-Kommission spricht von 11 000 Tonnen j\u00e4hrlich durch entsorgte und nicht benutzte Ladeger\u00e4te, wovon rund 1000 Tonnen eingespart werden k\u00f6nnten.<\/p>\n\n\n\n<p class=\"wp-block-paragraph\">Die Gr\u00fcnen-Abgeordnete Anna Cavazzini sagte zum Verhandlungsergebnis zudem: &#8220;Das spart Ressourcen, schont das Klima und die Nerven der Verbraucherinnen und Verbraucher.&#8221; Angaben der EU-Kommission zufolge k\u00f6nnten Verbrauchern j\u00e4hrlich 250 Millionen Euro einsparen.<\/p>\n\n\n\n<p class=\"wp-block-paragraph\">Warum str\u00e4uben sich Kritiker gegen die Vereinheitlichung?<br>\nDer Digitalverband Bitkom spricht davon, dass Innovationen ausgebremst werden. Schon jetzt setze sich induktives, kabelloses Laden immer weiter durch. &#8220;EU-Parlament und EU-Staaten hinken der technischen Entwicklung damit Jahre hinterher&#8221;, so Bitkom-Hauptgesch\u00e4ftsf\u00fchrer Bernhard Rohleder.<\/p>\n\n\n\n<p class=\"wp-block-paragraph\">Selbst Apple war vor ein paar Jahren einheitlich auf USB-C bei allen Macbook-Laptops umgestiegen. Der Konzern brachte gerade erst Montag bei der neuen Generation des Macbook Air den hauseigenen magnetischen Magsafe-Ladeanschuss zur\u00fcck. Sein Vorteil ist im Vergleich zu USB-C, dass das Kabel einfach abspringt, statt kaputtzugehen, wenn man daran stark zieht.<\/p>\n\n\n\n<p class=\"wp-block-paragraph\">Warum gibt es keinen Standard f\u00fcr kabelloses Laden?<br>\nDas EU-Parlament wollte das eigentlich auch in Angriff nehmen. Der Kompromiss besagt nun: &#8220;Die Europ\u00e4ische Kommission soll Ma\u00dfnahmen ergreifen, die zu einem Standard f\u00fcr das kabellose Laden f\u00fchren sollen&#8221;, teilte Cavazzini mit, die die letzte Verhandlungsrunde am Dienstag geleitet hatte. Daf\u00fcr seien zwei Jahre Zeit vorgesehen. EU-Binnenmarktkommissar Thierry Breton betonte, dass man die nun beschlossenen Standards je nach technologischer Entwicklung auch anpassen k\u00f6nne.<\/p>\n\n\n\n<p class=\"wp-block-paragraph\">Wann genau treten die Regeln in Kraft?<br>\nGeplant ist Mitte 2024. Es gilt als Formsache, dass Parlament und EU-Staaten dem nun gefundenen Kompromiss noch formell zustimmen. Mit einer \u00dcbergangsfrist von zwei Jahren ab der offiziellen Verabschiedung treten die Regeln dann in Kraft &#8211; mit Ausnahme von Laptops, f\u00fcr die 40 Monate vorgesehen sind. Das EU-Parlament h\u00e4tte sich gew\u00fcnscht, dass die \u00c4nderungen schneller kommen, konnte sich hier aber nicht durchsetzen. Breton rechnet aber damit, dass Hersteller ihre Ger\u00e4te bereits fr\u00fcher anpassen werden.<\/p>\n","protected":false},"excerpt":{"rendered":"<p>In vielen Haushalten sammeln sich Ladeger\u00e4te f\u00fcr Smartphones oder Tablets. Die EU macht dem nun ein Ende und legt USB-C als einheitlichen Standard f\u00fcr Ladebuchsen von zahlreichen Elektroger\u00e4ten fest. Handy, Tablet, Kopfh\u00f6rer und Laptop brauchen &#8211; je nach Hersteller &#8211; oft verschiedene Ladekabel, damit ist k\u00fcnftig Schluss. Mit Blick auf Smartphones hatte sich vor allem [&hellip;]<\/p>\n","protected":false},"author":1,"featured_media":0,"comment_status":"open","ping_status":"open","sticky":false,"template":"","format":"standard","meta":{"footnotes":""},"categories":[1],"tags":[],"class_list":["post-2140","post","type-post","status-publish","format-standard","hentry","category-uncategorized"],"_links":{"self":[{"href":"https:\/\/www.batteriewelt.com\/akkublog\/index.php?rest_route=\/wp\/v2\/posts\/2140","targetHints":{"allow":["GET"]}}],"collection":[{"href":"https:\/\/www.batteriewelt.com\/akkublog\/index.php?rest_route=\/wp\/v2\/posts"}],"about":[{"href":"https:\/\/www.batteriewelt.com\/akkublog\/index.php?rest_route=\/wp\/v2\/types\/post"}],"author":[{"embeddable":true,"href":"https:\/\/www.batteriewelt.com\/akkublog\/index.php?rest_route=\/wp\/v2\/users\/1"}],"replies":[{"embeddable":true,"href":"https:\/\/www.batteriewelt.com\/akkublog\/index.php?rest_route=%2Fwp%2Fv2%2Fcomments&post=2140"}],"version-history":[{"count":1,"href":"https:\/\/www.batteriewelt.com\/akkublog\/index.php?rest_route=\/wp\/v2\/posts\/2140\/revisions"}],"predecessor-version":[{"id":2141,"href":"https:\/\/www.batteriewelt.com\/akkublog\/index.php?rest_route=\/wp\/v2\/posts\/2140\/revisions\/2141"}],"wp:attachment":[{"href":"https:\/\/www.batteriewelt.com\/akkublog\/index.php?rest_route=%2Fwp%2Fv2%2Fmedia&parent=2140"}],"wp:term":[{"taxonomy":"category","embeddable":true,"href":"https:\/\/www.batteriewelt.com\/akkublog\/index.php?rest_route=%2Fwp%2Fv2%2Fcategories&post=2140"},{"taxonomy":"post_tag","embeddable":true,"href":"https:\/\/www.batteriewelt.com\/akkublog\/index.php?rest_route=%2Fwp%2Fv2%2Ftags&post=2140"}],"curies":[{"name":"wp","href":"https:\/\/api.w.org\/{rel}","templated":true}]}}