{"id":1600,"date":"2021-06-26T03:21:19","date_gmt":"2021-06-26T02:21:19","guid":{"rendered":"http:\/\/www.batteriewelt.com\/akkublog\/?p=1600"},"modified":"2021-06-26T03:21:19","modified_gmt":"2021-06-26T02:21:19","slug":"konnen-nutzer-instagram-bilder-bald-auch-am-pc-veroffentlichen","status":"publish","type":"post","link":"https:\/\/www.batteriewelt.com\/akkublog\/?p=1600","title":{"rendered":"K\u00f6nnen Nutzer Instagram-Bilder bald auch am PC ver\u00f6ffentlichen?"},"content":{"rendered":"\n<p class=\"wp-block-paragraph\">PC-User sollen k\u00fcnftig eine grundlegende Instagram-Funktion bekommen, die bisher nur \u00fcber das&nbsp;<a href=\"https:\/\/www.freenet.de\/digitalewelt\/themen\/smartphone\">Smartphone<\/a>&nbsp;nutzbar ist &#8211; das Ver\u00f6ffentlichen von Bildern und&nbsp;Clips.<\/p>\n\n\n\n<p class=\"wp-block-paragraph\">Viele Menschen nutzen&nbsp;<a href=\"https:\/\/www.freenet.de\/digitalewelt\/themen\/instagram\">Instagram<\/a>&nbsp;nicht nur am&nbsp;Smartphone&nbsp;sondern auch am PC. Eine entscheidende Funktion fehlt Anwendern dort bisher aber: Ohne Umwege lassen sich derzeit keine Bilder oder Videos ver\u00f6ffentlichen. Die Inhalte m\u00fcssen weiterhin \u00fcber die Smartphone-App gepostet werden, wenn User beispielsweise nicht auf zus\u00e4tzliche Tools zur\u00fcckgreifen m\u00f6chten. Das soll sich allerdings \u00e4ndern.<\/p>\n\n\n\n<h4 class=\"wp-block-heading\">Sprecherin best\u00e4tigt erste Tests<\/h4>\n\n\n\n<p class=\"wp-block-paragraph\">&#8220;Wir wissen, dass viele Leute&nbsp;Instagram&nbsp;von ihrem Computer aus aufrufen&#8221;,&nbsp;<a href=\"https:\/\/www.bloomberg.com\/news\/articles\/2021-06-24\/instagram-tests-letting-users-post-to-feeds-from-desktop\" target=\"_blank\" rel=\"noreferrer noopener\">erkl\u00e4rt eine Sprecherin von Facebook im Gespr\u00e4ch mit &#8220;Bloomberg&#8221;<\/a>.&nbsp;Instagram&nbsp;geh\u00f6rt seit 2012 zu&nbsp;<a href=\"https:\/\/www.freenet.de\/digitalewelt\/themen\/facebook\">Facebook<\/a>. Um diesen Anwendern die Nutzung zu erleichtern, werde momentan die Funktion getestet, Beitr\u00e4ge \u00fcber den Browser zu ver\u00f6ffentlichen, erkl\u00e4rt die Sprecherin. Wann das Feature wom\u00f6glich f\u00fcr alle User verf\u00fcgbar sein wird, ist derzeit nicht bekannt.<\/p>\n\n\n\n<p class=\"wp-block-paragraph\">Social-Media-Berater&nbsp;Matt Navarra, der einer der ersten war, der die neue Funktion entdeckt hat, erkl\u00e4rt dem Medienunternehmen, dass dies vor allem Influencer und professionelle Nutzer &#8220;sehr gl\u00fccklich&#8221; stimmen d\u00fcrfte. Er glaube, dieser Schritt sei Teil &#8220;eines viel gr\u00f6\u00dferen Plans&#8221; f\u00fcr die Zukunft der Plattform. Wom\u00f6glich k\u00f6nnte&nbsp;Instagram&nbsp;laut des Berichts an weiteren Funktionen arbeiten, um Content Creator von Konkurrenten wie YouTube oder TikTok zu sich zu holen.<\/p>\n","protected":false},"excerpt":{"rendered":"<p>PC-User sollen k\u00fcnftig eine grundlegende Instagram-Funktion bekommen, die bisher nur \u00fcber das&nbsp;Smartphone&nbsp;nutzbar ist &#8211; das Ver\u00f6ffentlichen von Bildern und&nbsp;Clips. Viele Menschen nutzen&nbsp;Instagram&nbsp;nicht nur am&nbsp;Smartphone&nbsp;sondern auch am PC. Eine entscheidende Funktion fehlt Anwendern dort bisher aber: Ohne Umwege lassen sich derzeit keine Bilder oder Videos ver\u00f6ffentlichen. Die Inhalte m\u00fcssen weiterhin \u00fcber die Smartphone-App gepostet werden, wenn [&hellip;]<\/p>\n","protected":false},"author":1,"featured_media":0,"comment_status":"open","ping_status":"open","sticky":false,"template":"","format":"standard","meta":{"footnotes":""},"categories":[1],"tags":[],"class_list":["post-1600","post","type-post","status-publish","format-standard","hentry","category-uncategorized"],"_links":{"self":[{"href":"https:\/\/www.batteriewelt.com\/akkublog\/index.php?rest_route=\/wp\/v2\/posts\/1600","targetHints":{"allow":["GET"]}}],"collection":[{"href":"https:\/\/www.batteriewelt.com\/akkublog\/index.php?rest_route=\/wp\/v2\/posts"}],"about":[{"href":"https:\/\/www.batteriewelt.com\/akkublog\/index.php?rest_route=\/wp\/v2\/types\/post"}],"author":[{"embeddable":true,"href":"https:\/\/www.batteriewelt.com\/akkublog\/index.php?rest_route=\/wp\/v2\/users\/1"}],"replies":[{"embeddable":true,"href":"https:\/\/www.batteriewelt.com\/akkublog\/index.php?rest_route=%2Fwp%2Fv2%2Fcomments&post=1600"}],"version-history":[{"count":1,"href":"https:\/\/www.batteriewelt.com\/akkublog\/index.php?rest_route=\/wp\/v2\/posts\/1600\/revisions"}],"predecessor-version":[{"id":1601,"href":"https:\/\/www.batteriewelt.com\/akkublog\/index.php?rest_route=\/wp\/v2\/posts\/1600\/revisions\/1601"}],"wp:attachment":[{"href":"https:\/\/www.batteriewelt.com\/akkublog\/index.php?rest_route=%2Fwp%2Fv2%2Fmedia&parent=1600"}],"wp:term":[{"taxonomy":"category","embeddable":true,"href":"https:\/\/www.batteriewelt.com\/akkublog\/index.php?rest_route=%2Fwp%2Fv2%2Fcategories&post=1600"},{"taxonomy":"post_tag","embeddable":true,"href":"https:\/\/www.batteriewelt.com\/akkublog\/index.php?rest_route=%2Fwp%2Fv2%2Ftags&post=1600"}],"curies":[{"name":"wp","href":"https:\/\/api.w.org\/{rel}","templated":true}]}}