{"id":861,"date":"2020-11-03T06:40:30","date_gmt":"2020-11-03T05:40:30","guid":{"rendered":"http:\/\/www.batteriewelt.com\/akkublog\/?p=861"},"modified":"2020-11-03T06:40:30","modified_gmt":"2020-11-03T05:40:30","slug":"apples-arm-macs-kommen-viele-modelle-sind-ausverkauft-ein-leaker-deutet-auf-eine-immense-performance-der-nachfolger","status":"publish","type":"post","link":"https:\/\/www.batteriewelt.com\/akkublog\/?p=861","title":{"rendered":"Apples ARM-Macs kommen: Viele Modelle sind ausverkauft, ein Leaker deutet auf eine immense Performance der Nachfolger"},"content":{"rendered":"\n<p class=\"wp-block-paragraph\">Erst k\u00fcrzlich hat die Beta von macOS 11.0.1&nbsp;Hinweise auf drei neue Mac-Modelle&nbsp;geliefert, die noch in diesem Jahr ver\u00f6ffentlicht werden sollten, nun verz\u00f6gern sich die Lieferungen diverser Macs um teils bis zu sechs Wochen \u2013 in der Vergangenheit waren diese l\u00e4ngeren Lieferzeiten h\u00e4ufig ein zuverl\u00e4ssiger Hinweis darauf, dass der Launch von neuen Modellen unmittelbar bevorsteht. In Deutschland sehen die Lieferzeiten derzeit folgenderma\u00dfen aus:<\/p>\n\n\n\n<p class=\"wp-block-paragraph\">13 Zoll MacBook Pro: 2 \u2013 5 Wochen<\/p>\n\n\n\n<p class=\"wp-block-paragraph\">16 Zoll MacBook Pro: 2 \u2013 3 Wochen<\/p>\n\n\n\n<p class=\"wp-block-paragraph\">13 Zoll MacBook Air: 1 \u2013 2 Wochen<\/p>\n\n\n\n<p class=\"wp-block-paragraph\">21,5 Zoll iMac: 1 \u2013 5 Wochen<\/p>\n\n\n\n<p class=\"wp-block-paragraph\">27 Zoll iMac: 0 \u2013 4 Wochen<\/p>\n\n\n\n<p class=\"wp-block-paragraph\">iMac Pro: 5 \u2013 6 Wochen<\/p>\n\n\n\n<p class=\"wp-block-paragraph\">Mac Mini: Auf Lager<\/p>\n\n\n\n<p class=\"wp-block-paragraph\">Mac Pro: 5 \u2013 7 Werktage<\/p>\n\n\n\n<p class=\"wp-block-paragraph\">Nachdem Apple vor einigen Wochen bereits selbst aus Versehen&nbsp;einen Hinweis&nbsp;auf ein neues 16 Zoll MacBook Pro geliefert hat scheint der Release dieses Modells besonders wahrscheinlich. Der Konzern hat bereits im Sommer zur WWDC offiziell best\u00e4tigt, dass der erste Mac auf Basis eines intern entwickelten ARM-Chips noch in diesem Jahr vorgestellt werden soll, Ger\u00fcchte sprachen dabei regelm\u00e4\u00dfig von einem Einsteiger-MacBook.<\/p>\n\n\n\n<p class=\"wp-block-paragraph\">Noch ist unklar, ob es sich dabei um ein neues MacBook Air, um ein 13 Zoll MacBook Pro oder aber um ein 12 Zoll MacBook handelt. In jedem Fall spricht der Leaker @LeaksApplePro im unten eingebetteten Tweet davon, dass der Prototyp bereits eine enorme Performance erzielt. Informationen zur Technik sind noch rar, zumindest hat ein Leaker&nbsp;davon gesprochen, dass das Ger\u00e4t mit einer angepassten Version des&nbsp;Apple A14 Bionic&nbsp;ausgestattet sein wird, Kunden sollen zwischen acht und zw\u00f6lf Prozessorkernen w\u00e4hlen k\u00f6nnen. Die offizielle Pr\u00e4sentation der ARM-Macs wird&nbsp;am 10. November&nbsp;erwartet.<\/p>\n","protected":false},"excerpt":{"rendered":"<p>Erst k\u00fcrzlich hat die Beta von macOS 11.0.1&nbsp;Hinweise auf drei neue Mac-Modelle&nbsp;geliefert, die noch in diesem Jahr ver\u00f6ffentlicht werden sollten, nun verz\u00f6gern sich die Lieferungen diverser Macs um teils bis zu sechs Wochen \u2013 in der Vergangenheit waren diese l\u00e4ngeren Lieferzeiten h\u00e4ufig ein zuverl\u00e4ssiger Hinweis darauf, dass der Launch von neuen Modellen unmittelbar bevorsteht. In [&hellip;]<\/p>\n","protected":false},"author":1,"featured_media":0,"comment_status":"open","ping_status":"open","sticky":false,"template":"","format":"standard","meta":{"footnotes":""},"categories":[17],"tags":[424],"class_list":["post-861","post","type-post","status-publish","format-standard","hentry","category-laptop-computer","tag-apple-arm-mac"],"_links":{"self":[{"href":"https:\/\/www.batteriewelt.com\/akkublog\/index.php?rest_route=\/wp\/v2\/posts\/861","targetHints":{"allow":["GET"]}}],"collection":[{"href":"https:\/\/www.batteriewelt.com\/akkublog\/index.php?rest_route=\/wp\/v2\/posts"}],"about":[{"href":"https:\/\/www.batteriewelt.com\/akkublog\/index.php?rest_route=\/wp\/v2\/types\/post"}],"author":[{"embeddable":true,"href":"https:\/\/www.batteriewelt.com\/akkublog\/index.php?rest_route=\/wp\/v2\/users\/1"}],"replies":[{"embeddable":true,"href":"https:\/\/www.batteriewelt.com\/akkublog\/index.php?rest_route=%2Fwp%2Fv2%2Fcomments&post=861"}],"version-history":[{"count":1,"href":"https:\/\/www.batteriewelt.com\/akkublog\/index.php?rest_route=\/wp\/v2\/posts\/861\/revisions"}],"predecessor-version":[{"id":862,"href":"https:\/\/www.batteriewelt.com\/akkublog\/index.php?rest_route=\/wp\/v2\/posts\/861\/revisions\/862"}],"wp:attachment":[{"href":"https:\/\/www.batteriewelt.com\/akkublog\/index.php?rest_route=%2Fwp%2Fv2%2Fmedia&parent=861"}],"wp:term":[{"taxonomy":"category","embeddable":true,"href":"https:\/\/www.batteriewelt.com\/akkublog\/index.php?rest_route=%2Fwp%2Fv2%2Fcategories&post=861"},{"taxonomy":"post_tag","embeddable":true,"href":"https:\/\/www.batteriewelt.com\/akkublog\/index.php?rest_route=%2Fwp%2Fv2%2Ftags&post=861"}],"curies":[{"name":"wp","href":"https:\/\/api.w.org\/{rel}","templated":true}]}}