{"id":687,"date":"2020-09-17T03:51:40","date_gmt":"2020-09-17T02:51:40","guid":{"rendered":"http:\/\/www.batteriewelt.com\/akkublog\/?p=687"},"modified":"2020-09-17T03:51:40","modified_gmt":"2020-09-17T02:51:40","slug":"airpods-studio-so-sehen-apples-neue-pro-kopfhorer-aus","status":"publish","type":"post","link":"http:\/\/www.batteriewelt.com\/akkublog\/?p=687","title":{"rendered":"AirPods Studio: So sehen Apples neue \u201ePro-Kopfh\u00f6rer\u201c aus"},"content":{"rendered":"\n<p class=\"wp-block-paragraph\">Apples kommende Kopfh\u00f6rer \u201eAirPods Studio\u201c zeigen sich nun erstmals in wackligen Videoaufnahmen und sauberen Renderings. Das Design scheint somit von zwei voneinander unabh\u00e4ngigen Quellen best\u00e4tigt und es ist wohl nur eine Frage der Zeit, bis eine offizielle Ank\u00fcndigung folgt.<\/p>\n\n\n\n<p class=\"wp-block-paragraph\">Die AirPods Studio sind demnach aus Leder und Metall gefertigt, mit magnetischen Ohrmuscheln ausgestattet und k\u00f6nnen beliebig aufgesetzt werden \u2013 der H\u00f6rer erkennt das rechte und linke Ohr selbst. Auf einen Kopfh\u00f6reranschluss verzichtet Apple, geladen werden die drahtlosen Kopfh\u00f6rer offenbar \u00fcber USB-C.<\/p>\n\n\n\n<p class=\"wp-block-paragraph\">Jon Prosser&nbsp;hat ja bereits im Vorfeld versprochen, das Aussehen der Kopfh\u00f6rer anstelle von Fotos in Form von eigens zu diesem Zweck erstellten Renderings zu zeigen. Dieser Aufwand wird betrieben, um Prossers Quellen bei Apple zu sch\u00fctzen. Das Unternehmen sucht, nachdem Prosser regelm\u00e4\u00dfig vorab \u00fcber Details zu kommenden Apple-Vorstellungen Bescheid wusste, fieberhaft nach undichten Stellen.<\/p>\n\n\n\n<p class=\"wp-block-paragraph\">Die Kopfh\u00f6rer kommen mit leichtem Retro-Touch und pr\u00e4sentierten sich im Gegensatz zu den Beats-Produkten eher als Premium-Zubeh\u00f6r. Dies d\u00fcrfte sich am Ende auch im Preis der Ger\u00e4te niederschlagen.<\/p>\n\n\n\n<p class=\"wp-block-paragraph\">Ein weiteres&nbsp;Bild&nbsp;sowie ein verschwommenes Video der Ger\u00e4te sind auf dem ebenfalls in der Vergangenheit schon in Sachen Apple-Leaks aktiven Twitter-Account&nbsp;Fudge&nbsp;zu sehen. Die Ver\u00f6ffentlichung d\u00fcrften weitere Zweifel and er Existenz und baldigen Vorstellung der Kopfh\u00f6rer zerstreuen.<\/p>\n","protected":false},"excerpt":{"rendered":"<p>Apples kommende Kopfh\u00f6rer \u201eAirPods Studio\u201c zeigen sich nun erstmals in wackligen Videoaufnahmen und sauberen Renderings. Das Design scheint somit von zwei voneinander unabh\u00e4ngigen Quellen best\u00e4tigt und es ist wohl nur eine Frage der Zeit, bis eine offizielle Ank\u00fcndigung folgt. Die AirPods Studio sind demnach aus Leder und Metall gefertigt, mit magnetischen Ohrmuscheln ausgestattet und k\u00f6nnen [&hellip;]<\/p>\n","protected":false},"author":1,"featured_media":0,"comment_status":"open","ping_status":"open","sticky":false,"template":"","format":"standard","meta":{"footnotes":""},"categories":[100],"tags":[350,351,352],"class_list":["post-687","post","type-post","status-publish","format-standard","hentry","category-earbuds","tag-airpods-studio","tag-apples","tag-pro-kopfhorer"],"_links":{"self":[{"href":"http:\/\/www.batteriewelt.com\/akkublog\/index.php?rest_route=\/wp\/v2\/posts\/687","targetHints":{"allow":["GET"]}}],"collection":[{"href":"http:\/\/www.batteriewelt.com\/akkublog\/index.php?rest_route=\/wp\/v2\/posts"}],"about":[{"href":"http:\/\/www.batteriewelt.com\/akkublog\/index.php?rest_route=\/wp\/v2\/types\/post"}],"author":[{"embeddable":true,"href":"http:\/\/www.batteriewelt.com\/akkublog\/index.php?rest_route=\/wp\/v2\/users\/1"}],"replies":[{"embeddable":true,"href":"http:\/\/www.batteriewelt.com\/akkublog\/index.php?rest_route=%2Fwp%2Fv2%2Fcomments&post=687"}],"version-history":[{"count":1,"href":"http:\/\/www.batteriewelt.com\/akkublog\/index.php?rest_route=\/wp\/v2\/posts\/687\/revisions"}],"predecessor-version":[{"id":688,"href":"http:\/\/www.batteriewelt.com\/akkublog\/index.php?rest_route=\/wp\/v2\/posts\/687\/revisions\/688"}],"wp:attachment":[{"href":"http:\/\/www.batteriewelt.com\/akkublog\/index.php?rest_route=%2Fwp%2Fv2%2Fmedia&parent=687"}],"wp:term":[{"taxonomy":"category","embeddable":true,"href":"http:\/\/www.batteriewelt.com\/akkublog\/index.php?rest_route=%2Fwp%2Fv2%2Fcategories&post=687"},{"taxonomy":"post_tag","embeddable":true,"href":"http:\/\/www.batteriewelt.com\/akkublog\/index.php?rest_route=%2Fwp%2Fv2%2Ftags&post=687"}],"curies":[{"name":"wp","href":"https:\/\/api.w.org\/{rel}","templated":true}]}}