{"id":634,"date":"2020-08-17T08:00:19","date_gmt":"2020-08-17T07:00:19","guid":{"rendered":"http:\/\/www.batteriewelt.com\/akkublog\/?p=634"},"modified":"2020-08-17T08:00:19","modified_gmt":"2020-08-17T07:00:19","slug":"vorstellung-des-iphone-12-ab-12-oktober","status":"publish","type":"post","link":"http:\/\/www.batteriewelt.com\/akkublog\/?p=634","title":{"rendered":"Vorstellung des iPhone 12 ab 12. Oktober"},"content":{"rendered":"\n<p class=\"wp-block-paragraph\">Vier neue iPhone-Modelle hat Apple angeblich in Vorbereitung, die Vorstellung soll in der Woche ab dem 12. Oktober erfolgen.<\/p>\n\n\n\n<p class=\"wp-block-paragraph\">Eine Keynote vor Publikum wird auch im Herbst 2020 nicht m\u00f6glich sein, Apple wird es sich aber nicht nehmen lassen, die neue&nbsp;iPhone-Generation in einer Show zu pr\u00e4sentieren. Ende Juli hatte Finanzchef Luca Maestri bereits erkl\u00e4rt, die Telefone k\u00e4men in diesem Jahr aufgrund der&nbsp;Verz\u00f6gerungen durch die Pandemie ein wenig sp\u00e4ter,&nbsp;der recht gut informierte Leaker Jon Prosser will nun genaue Daten&nbsp;erfahren haben.<\/p>\n\n\n\n<p class=\"wp-block-paragraph\">Demnach werde Apple die iPhones 12 und 12 Pro in der Woche ab dem 12. Oktober pr\u00e4sentieren, die&nbsp;iPhone&nbsp;12 werde man noch in der gleichen Woche vorbestellen k\u00f6nnen, die Auslieferung geschehe ab der Woche darauf. Der 12. Oktober ist ein Montag und d\u00fcrfte daher nicht der Top-Favorit f\u00fcr den eigentlichen Termin sein, eher stellt Apple die Ger\u00e4te am 13. oder 14. Oktober vor, die Vorbestellung w\u00fcrde dann ab dem Freitag, 16. Oktober m\u00f6glich sein und die ersten Ger\u00e4te ab dem 23. Oktober bei den Kunden landen.<\/p>\n\n\n\n<p class=\"wp-block-paragraph\">Die&nbsp;iPhone&nbsp;12 Pro k\u00e4men dann erst im November, ein genaues Datum stehe noch nicht fest. Zuvor werde Apple schon die Apple Watch Series 6 und neue iPads per Pressemeldung ank\u00fcndigen, das passiere bereits in der Woche ab dem 7. September, die in normalen Zeiten f\u00fcr eine gro\u00dfe Show im Steve Jobs Theater in Cupertino an sich pr\u00e4destiniert gewesen w\u00e4re. Auch dies wird dann eher am Dienstag oder Mittwoch passieren, 8. oder 9. September.<\/p>\n","protected":false},"excerpt":{"rendered":"<p>Vier neue iPhone-Modelle hat Apple angeblich in Vorbereitung, die Vorstellung soll in der Woche ab dem 12. Oktober erfolgen. Eine Keynote vor Publikum wird auch im Herbst 2020 nicht m\u00f6glich sein, Apple wird es sich aber nicht nehmen lassen, die neue&nbsp;iPhone-Generation in einer Show zu pr\u00e4sentieren. Ende Juli hatte Finanzchef Luca Maestri bereits erkl\u00e4rt, die [&hellip;]<\/p>\n","protected":false},"author":1,"featured_media":0,"comment_status":"open","ping_status":"open","sticky":false,"template":"","format":"standard","meta":{"footnotes":""},"categories":[12],"tags":[309],"class_list":["post-634","post","type-post","status-publish","format-standard","hentry","category-smartphone","tag-iphone-12"],"_links":{"self":[{"href":"http:\/\/www.batteriewelt.com\/akkublog\/index.php?rest_route=\/wp\/v2\/posts\/634","targetHints":{"allow":["GET"]}}],"collection":[{"href":"http:\/\/www.batteriewelt.com\/akkublog\/index.php?rest_route=\/wp\/v2\/posts"}],"about":[{"href":"http:\/\/www.batteriewelt.com\/akkublog\/index.php?rest_route=\/wp\/v2\/types\/post"}],"author":[{"embeddable":true,"href":"http:\/\/www.batteriewelt.com\/akkublog\/index.php?rest_route=\/wp\/v2\/users\/1"}],"replies":[{"embeddable":true,"href":"http:\/\/www.batteriewelt.com\/akkublog\/index.php?rest_route=%2Fwp%2Fv2%2Fcomments&post=634"}],"version-history":[{"count":1,"href":"http:\/\/www.batteriewelt.com\/akkublog\/index.php?rest_route=\/wp\/v2\/posts\/634\/revisions"}],"predecessor-version":[{"id":635,"href":"http:\/\/www.batteriewelt.com\/akkublog\/index.php?rest_route=\/wp\/v2\/posts\/634\/revisions\/635"}],"wp:attachment":[{"href":"http:\/\/www.batteriewelt.com\/akkublog\/index.php?rest_route=%2Fwp%2Fv2%2Fmedia&parent=634"}],"wp:term":[{"taxonomy":"category","embeddable":true,"href":"http:\/\/www.batteriewelt.com\/akkublog\/index.php?rest_route=%2Fwp%2Fv2%2Fcategories&post=634"},{"taxonomy":"post_tag","embeddable":true,"href":"http:\/\/www.batteriewelt.com\/akkublog\/index.php?rest_route=%2Fwp%2Fv2%2Ftags&post=634"}],"curies":[{"name":"wp","href":"https:\/\/api.w.org\/{rel}","templated":true}]}}