{"id":615,"date":"2020-08-10T06:43:45","date_gmt":"2020-08-10T05:43:45","guid":{"rendered":"http:\/\/www.batteriewelt.com\/akkublog\/?p=615"},"modified":"2020-08-10T06:43:45","modified_gmt":"2020-08-10T05:43:45","slug":"erster-teardown-des-neuen-imac-bestatigt-schlimmen-verdacht","status":"publish","type":"post","link":"http:\/\/www.batteriewelt.com\/akkublog\/?p=615","title":{"rendered":"Erster Teardown des neuen iMac best\u00e4tigt schlimmen Verdacht"},"content":{"rendered":"\n<p class=\"wp-block-paragraph\">Von au\u00dfen sieht der neue 27-Zoll-iMac genau so aus wie das alte Modell, doch nachdem der Zubeh\u00f6rhersteller OWC den Desktop-Rechner auseinandergenommen hat, wird zur traurigen Gewissheit, was schon aufgrund interner Unterlagen von Apple klar war: Die SSDs sind fest aufgel\u00f6tet, lassen sich weder austauschen noch durch weitere Speicher intern erg\u00e4nzen.<\/p>\n\n\n\n<p class=\"wp-block-paragraph\">Warum hat OWC so ein Interesse am neuen iMac?<\/p>\n\n\n\n<p class=\"wp-block-paragraph\">Das Unternehmen bietet&nbsp;Erweiterungssets f\u00fcr Macs&nbsp;an, unter anderem RAM und SSDs. In der Vergangenheit war das ein gutes Gesch\u00e4ft. Wer einen iMac hatte und den erweitern wollte, konnte \u00fcber OWC vergleichbar g\u00fcnstig Hardware ordern. F\u00fcr RAM gilt das weiterhin \u2013&nbsp;der iMac ist in diesem Punkt immer noch vom Nutzer aus aufr\u00fcstbar, doch bei SSDs ist jetzt offenbar Schluss.<\/p>\n\n\n\n<p class=\"wp-block-paragraph\">Beim Auseinandernehmen des iMacs fiel OWC auf, dass die eingebaute Webcam, die nun 1080p aufl\u00f6st, an den LCD angeschlossen ist \u2013&nbsp;beim \u00d6ffnen kann schnell ein Kabel abrei\u00dfen und dann ist der Jammer gro\u00df. Au\u00dferdem gibt es ein nun zwei Mikrofone, die ans Geh\u00e4use angeklebt sind. Beim alten Modell war es nur ein Mikrofon. Apple will mit dem Doppelmikro die Aufnahmetonqualit\u00e4t deutlich verbessern.<\/p>\n\n\n\n<p class=\"wp-block-paragraph\">Wie oben erw\u00e4hnt fehlen SATA-Anschl\u00fcsse auf der Logikplatine. Beim 4- und 8-TByte-Modell gibt es jedoch L\u00f6tstellen f\u00fcr eine Erweiterungsplatine zur Aufnahme weiterer SSDs. Ganz kaputt ist das Zubeh\u00f6rgesch\u00e4ft von OWC also nicht, aber bei den kleineren und vor allem auch deutlich g\u00fcnstigeren Ausstattungen mit 256 GByte, 512 GByte und 1 TByte sowie 2 TByte gro\u00dfen SSDs gibt es keine SATA-Ports. Es empfiehlt sich als sehr weise bei der Entscheidung zu sein, wieviel Speicherplatz intern vonn\u00f6ten ist. Nat\u00fcrlich l\u00e4sst sich der Speicher auch durch externe Festplatten, SSDs und NAS erweitern.<\/p>\n","protected":false},"excerpt":{"rendered":"<p>Von au\u00dfen sieht der neue 27-Zoll-iMac genau so aus wie das alte Modell, doch nachdem der Zubeh\u00f6rhersteller OWC den Desktop-Rechner auseinandergenommen hat, wird zur traurigen Gewissheit, was schon aufgrund interner Unterlagen von Apple klar war: Die SSDs sind fest aufgel\u00f6tet, lassen sich weder austauschen noch durch weitere Speicher intern erg\u00e4nzen. Warum hat OWC so ein [&hellip;]<\/p>\n","protected":false},"author":1,"featured_media":0,"comment_status":"open","ping_status":"open","sticky":false,"template":"","format":"standard","meta":{"footnotes":""},"categories":[17],"tags":[315],"class_list":["post-615","post","type-post","status-publish","format-standard","hentry","category-laptop-computer","tag-imac"],"_links":{"self":[{"href":"http:\/\/www.batteriewelt.com\/akkublog\/index.php?rest_route=\/wp\/v2\/posts\/615","targetHints":{"allow":["GET"]}}],"collection":[{"href":"http:\/\/www.batteriewelt.com\/akkublog\/index.php?rest_route=\/wp\/v2\/posts"}],"about":[{"href":"http:\/\/www.batteriewelt.com\/akkublog\/index.php?rest_route=\/wp\/v2\/types\/post"}],"author":[{"embeddable":true,"href":"http:\/\/www.batteriewelt.com\/akkublog\/index.php?rest_route=\/wp\/v2\/users\/1"}],"replies":[{"embeddable":true,"href":"http:\/\/www.batteriewelt.com\/akkublog\/index.php?rest_route=%2Fwp%2Fv2%2Fcomments&post=615"}],"version-history":[{"count":1,"href":"http:\/\/www.batteriewelt.com\/akkublog\/index.php?rest_route=\/wp\/v2\/posts\/615\/revisions"}],"predecessor-version":[{"id":616,"href":"http:\/\/www.batteriewelt.com\/akkublog\/index.php?rest_route=\/wp\/v2\/posts\/615\/revisions\/616"}],"wp:attachment":[{"href":"http:\/\/www.batteriewelt.com\/akkublog\/index.php?rest_route=%2Fwp%2Fv2%2Fmedia&parent=615"}],"wp:term":[{"taxonomy":"category","embeddable":true,"href":"http:\/\/www.batteriewelt.com\/akkublog\/index.php?rest_route=%2Fwp%2Fv2%2Fcategories&post=615"},{"taxonomy":"post_tag","embeddable":true,"href":"http:\/\/www.batteriewelt.com\/akkublog\/index.php?rest_route=%2Fwp%2Fv2%2Ftags&post=615"}],"curies":[{"name":"wp","href":"https:\/\/api.w.org\/{rel}","templated":true}]}}