{"id":594,"date":"2020-07-31T06:48:14","date_gmt":"2020-07-31T05:48:14","guid":{"rendered":"http:\/\/www.batteriewelt.com\/akkublog\/?p=594"},"modified":"2020-07-31T06:48:14","modified_gmt":"2020-07-31T05:48:14","slug":"iphone-12-in-mitternachtsblau-leak-zeigt-auch-blaue-apple-watch","status":"publish","type":"post","link":"http:\/\/www.batteriewelt.com\/akkublog\/?p=594","title":{"rendered":"iPhone 12 in &#8220;Mitternachtsblau&#8221;: Leak zeigt auch blaue Apple Watch"},"content":{"rendered":"\n<p class=\"wp-block-paragraph\">Geplant sei als Ersatz f\u00fcr das Nachtgr\u00fcn vom iPhone 11 Pro in diesem Jahr f\u00fcr das iPhone 12 Pro nun die Farbe Mitternachtsblau. Dazu kommt gleich noch passend eine Apple Watch mit einem mitternachtsblauen Edelstahlrahmen. Von beiden Ger\u00e4ten gibt es schon passende Produktfotos, die von Fans erstellt worden.<\/p>\n\n\n\n<p class=\"wp-block-paragraph\">Mitternachtsblau kommt<\/p>\n\n\n\n<p class=\"wp-block-paragraph\">Es bleibt dabei aber nicht nur bei dem Wunschdenken. Das berichtet zumindest der Apple-Leaker iHacktuPro. Er schreibt nur kurz und knapp bei Twitter: \u201eLeaks best\u00e4tigen es. Apple wird ein iPhone und eine blaue Uhr ver\u00f6ffentlichen.\u201c Dazu hat er ein Bild mit einem blauen iPhone und einer blauen Apple Watch gezeigt. Woher iHacktuPro die Informationen hat? Er nennt seine Quellen nicht. Nachpr\u00fcfbar ist es daher aktuell nicht &#8211; es k\u00f6nnte auch alles nur hei\u00dfe Luft sein. Die Trefferquote des Apple-Leakers ist sehr durchwachsen, aber das trifft wohl auf die meisten Leaker zu.<\/p>\n\n\n\n<p class=\"wp-block-paragraph\">Ger\u00fcchte zu einem blauen iPhone gibt es dabei schon l\u00e4nger. Seit Wochen geistern immer wieder entsprechende Informationen durch das Netz. Dazu gab es vor Kurzem dann auch ein Video, in dem das iPhone 12 Pro in Mitternachtsblau seinen Auftritt hatte.&nbsp;<\/p>\n\n\n\n<p class=\"wp-block-paragraph\">Keynote im September<\/p>\n\n\n\n<p class=\"wp-block-paragraph\">Apple wird in wenigen Wochen den Schleier l\u00fcften, dann ist das R\u00e4tselraten endlich vorbei. Eine Apple-Keynote wird es Mitte September geben, auch&nbsp;wenn derzeit noch kein genauer Termin bekannt ist. Es hei\u00dft allerdings, dass sich K\u00e4ufer in diesem Jahr etwas l\u00e4nger als in den Vorjahren gedulden m\u00fcssen, bis die neue iPhone-Generation dann in den Regalen steht. Vieles deutet auf einen Marktstart f\u00fcr das&nbsp;iPhone 12 im Oktober hin.<\/p>\n","protected":false},"excerpt":{"rendered":"<p>Geplant sei als Ersatz f\u00fcr das Nachtgr\u00fcn vom iPhone 11 Pro in diesem Jahr f\u00fcr das iPhone 12 Pro nun die Farbe Mitternachtsblau. Dazu kommt gleich noch passend eine Apple Watch mit einem mitternachtsblauen Edelstahlrahmen. Von beiden Ger\u00e4ten gibt es schon passende Produktfotos, die von Fans erstellt worden. Mitternachtsblau kommt Es bleibt dabei aber nicht [&hellip;]<\/p>\n","protected":false},"author":1,"featured_media":0,"comment_status":"open","ping_status":"open","sticky":false,"template":"","format":"standard","meta":{"footnotes":""},"categories":[12],"tags":[309],"class_list":["post-594","post","type-post","status-publish","format-standard","hentry","category-smartphone","tag-iphone-12"],"_links":{"self":[{"href":"http:\/\/www.batteriewelt.com\/akkublog\/index.php?rest_route=\/wp\/v2\/posts\/594","targetHints":{"allow":["GET"]}}],"collection":[{"href":"http:\/\/www.batteriewelt.com\/akkublog\/index.php?rest_route=\/wp\/v2\/posts"}],"about":[{"href":"http:\/\/www.batteriewelt.com\/akkublog\/index.php?rest_route=\/wp\/v2\/types\/post"}],"author":[{"embeddable":true,"href":"http:\/\/www.batteriewelt.com\/akkublog\/index.php?rest_route=\/wp\/v2\/users\/1"}],"replies":[{"embeddable":true,"href":"http:\/\/www.batteriewelt.com\/akkublog\/index.php?rest_route=%2Fwp%2Fv2%2Fcomments&post=594"}],"version-history":[{"count":1,"href":"http:\/\/www.batteriewelt.com\/akkublog\/index.php?rest_route=\/wp\/v2\/posts\/594\/revisions"}],"predecessor-version":[{"id":595,"href":"http:\/\/www.batteriewelt.com\/akkublog\/index.php?rest_route=\/wp\/v2\/posts\/594\/revisions\/595"}],"wp:attachment":[{"href":"http:\/\/www.batteriewelt.com\/akkublog\/index.php?rest_route=%2Fwp%2Fv2%2Fmedia&parent=594"}],"wp:term":[{"taxonomy":"category","embeddable":true,"href":"http:\/\/www.batteriewelt.com\/akkublog\/index.php?rest_route=%2Fwp%2Fv2%2Fcategories&post=594"},{"taxonomy":"post_tag","embeddable":true,"href":"http:\/\/www.batteriewelt.com\/akkublog\/index.php?rest_route=%2Fwp%2Fv2%2Ftags&post=594"}],"curies":[{"name":"wp","href":"https:\/\/api.w.org\/{rel}","templated":true}]}}