{"id":541,"date":"2020-06-23T03:12:07","date_gmt":"2020-06-23T02:12:07","guid":{"rendered":"http:\/\/www.batteriewelt.com\/akkublog\/?p=541"},"modified":"2020-06-23T03:12:07","modified_gmt":"2020-06-23T02:12:07","slug":"ios-14-und-ipados-14-diese-iphones-und-ipads-sind-kompatibel","status":"publish","type":"post","link":"http:\/\/www.batteriewelt.com\/akkublog\/?p=541","title":{"rendered":"iOS 14 und iPadOS 14: Diese iPhones und iPads sind kompatibel"},"content":{"rendered":"\n<p class=\"wp-block-paragraph\">Apple hat jede Menge neue Dinge angek\u00fcndigt.&nbsp;Man wechselt von Intel zur ARM-Plattform, es gibt&nbsp;macOS Big Sur,&nbsp;Spatial Audio f\u00fcr die AirPods Pro&nbsp;und nat\u00fcrlich&nbsp;iOS 14 und iPadOS 14&nbsp;mit zahlreichen Neuerungen und optischen Tweaks \u2013 ich wei\u00df noch nicht, wie ich die Widgets f\u00fcr mich bewerten soll. Heute gibt es die erste Beta f\u00fcr Entwickler, gefolgt von der Public Beta im Juli.<\/p>\n\n\n\n<p class=\"wp-block-paragraph\">Doch wer bekommt die finale Version, wenn es im Herbst verteilt wird? Da sieht es ganz gut auch f\u00fcr \u00e4ltere Ger\u00e4te aus.7<\/p>\n\n\n\n<p class=\"wp-block-paragraph\">Folgende iPhones werden&nbsp;iOS 14&nbsp;bekommen:<\/p>\n\n\n\n<p class=\"wp-block-paragraph\">iPhone 11<\/p>\n\n\n\n<p class=\"wp-block-paragraph\">iPhone 11 Pro<\/p>\n\n\n\n<p class=\"wp-block-paragraph\">iPhone 11 Pro Max<\/p>\n\n\n\n<p class=\"wp-block-paragraph\">iPhone XS<\/p>\n\n\n\n<p class=\"wp-block-paragraph\">iPhone XS Max<\/p>\n\n\n\n<p class=\"wp-block-paragraph\">iPhone XR<\/p>\n\n\n\n<p class=\"wp-block-paragraph\">iPhone SE<\/p>\n\n\n\n<p class=\"wp-block-paragraph\">iPhone X<\/p>\n\n\n\n<p class=\"wp-block-paragraph\">iPhone 8 &amp; iPhone 8 Plus<\/p>\n\n\n\n<p class=\"wp-block-paragraph\">iPhone 7 &amp; 7 Plus<\/p>\n\n\n\n<p class=\"wp-block-paragraph\">iPhone 6s &amp; 6s Plus<\/p>\n\n\n\n<p class=\"wp-block-paragraph\">Bei den iPads sieht es mit iPadOS 14 wie folgt aus:<\/p>\n\n\n\n<p class=\"wp-block-paragraph\">iPad Pro 12.9-inch (4th generation)<\/p>\n\n\n\n<p class=\"wp-block-paragraph\">iPad Pro 11-inch (2nd generation)<\/p>\n\n\n\n<p class=\"wp-block-paragraph\">iPad Pro 12.9-inch (3rd generation)<\/p>\n\n\n\n<p class=\"wp-block-paragraph\">iPad Pro 11-inch (1st generation)<\/p>\n\n\n\n<p class=\"wp-block-paragraph\">iPad Pro 12.9-inch (2nd generation)<\/p>\n\n\n\n<p class=\"wp-block-paragraph\">iPad Pro 12.9-inch (1st generation)<\/p>\n\n\n\n<p class=\"wp-block-paragraph\">iPad Pro 10.5-inch<\/p>\n\n\n\n<p class=\"wp-block-paragraph\">iPad Pro 9.7-inch<\/p>\n\n\n\n<p class=\"wp-block-paragraph\">iPad (7th generation)<\/p>\n\n\n\n<p class=\"wp-block-paragraph\">iPad (6th generation)<\/p>\n\n\n\n<p class=\"wp-block-paragraph\">iPad (5th generation)<\/p>\n\n\n\n<p class=\"wp-block-paragraph\">iPad mini (5th generation)<\/p>\n\n\n\n<p class=\"wp-block-paragraph\">iPad mini 4<\/p>\n\n\n\n<p class=\"wp-block-paragraph\">iPad Air (3rd generation)<\/p>\n\n\n\n<p class=\"wp-block-paragraph\">iPad Air 2<\/p>\n","protected":false},"excerpt":{"rendered":"<p>Apple hat jede Menge neue Dinge angek\u00fcndigt.&nbsp;Man wechselt von Intel zur ARM-Plattform, es gibt&nbsp;macOS Big Sur,&nbsp;Spatial Audio f\u00fcr die AirPods Pro&nbsp;und nat\u00fcrlich&nbsp;iOS 14 und iPadOS 14&nbsp;mit zahlreichen Neuerungen und optischen Tweaks \u2013 ich wei\u00df noch nicht, wie ich die Widgets f\u00fcr mich bewerten soll. Heute gibt es die erste Beta f\u00fcr Entwickler, gefolgt von der [&hellip;]<\/p>\n","protected":false},"author":1,"featured_media":0,"comment_status":"open","ping_status":"open","sticky":false,"template":"","format":"standard","meta":{"footnotes":""},"categories":[6],"tags":[292,293],"class_list":["post-541","post","type-post","status-publish","format-standard","hentry","category-betriebssystem","tag-ios-14","tag-ipados-14"],"_links":{"self":[{"href":"http:\/\/www.batteriewelt.com\/akkublog\/index.php?rest_route=\/wp\/v2\/posts\/541","targetHints":{"allow":["GET"]}}],"collection":[{"href":"http:\/\/www.batteriewelt.com\/akkublog\/index.php?rest_route=\/wp\/v2\/posts"}],"about":[{"href":"http:\/\/www.batteriewelt.com\/akkublog\/index.php?rest_route=\/wp\/v2\/types\/post"}],"author":[{"embeddable":true,"href":"http:\/\/www.batteriewelt.com\/akkublog\/index.php?rest_route=\/wp\/v2\/users\/1"}],"replies":[{"embeddable":true,"href":"http:\/\/www.batteriewelt.com\/akkublog\/index.php?rest_route=%2Fwp%2Fv2%2Fcomments&post=541"}],"version-history":[{"count":1,"href":"http:\/\/www.batteriewelt.com\/akkublog\/index.php?rest_route=\/wp\/v2\/posts\/541\/revisions"}],"predecessor-version":[{"id":542,"href":"http:\/\/www.batteriewelt.com\/akkublog\/index.php?rest_route=\/wp\/v2\/posts\/541\/revisions\/542"}],"wp:attachment":[{"href":"http:\/\/www.batteriewelt.com\/akkublog\/index.php?rest_route=%2Fwp%2Fv2%2Fmedia&parent=541"}],"wp:term":[{"taxonomy":"category","embeddable":true,"href":"http:\/\/www.batteriewelt.com\/akkublog\/index.php?rest_route=%2Fwp%2Fv2%2Fcategories&post=541"},{"taxonomy":"post_tag","embeddable":true,"href":"http:\/\/www.batteriewelt.com\/akkublog\/index.php?rest_route=%2Fwp%2Fv2%2Ftags&post=541"}],"curies":[{"name":"wp","href":"https:\/\/api.w.org\/{rel}","templated":true}]}}