{"id":408,"date":"2020-03-26T03:57:29","date_gmt":"2020-03-26T02:57:29","guid":{"rendered":"http:\/\/www.batteriewelt.com\/akkublog\/?p=408"},"modified":"2020-03-26T03:57:29","modified_gmt":"2020-03-26T02:57:29","slug":"ios-13-4-siri-wird-stumm-tv-app-besser","status":"publish","type":"post","link":"https:\/\/www.batteriewelt.com\/akkublog\/?p=408","title":{"rendered":"iOS 13.4: Siri wird stumm, TV-App besser"},"content":{"rendered":"\n<p class=\"wp-block-paragraph\">Wie erwartet kommt zu den neuen iPad Pro nun auch das Update auf iPadOS 13.4 und iOS 13.4. Das ist neu.<\/p>\n\n\n\n<p class=\"wp-block-paragraph\">Seit beinahe einer Woche bietet&nbsp;Apple&nbsp;neue&nbsp;iPad Pro&nbsp;an, die bei ersten Bestellern auch schon angekommen sind, das&nbsp;Macbook Air&nbsp;ist ebenfalls leicht \u00fcberarbeitet worden und der&nbsp;Mac Mini bekommt mehr Speicher&nbsp;f\u00fcr den gleichen Preis. Insbesondere beim&nbsp;iPad&nbsp;Pro wirbt&nbsp;Apple&nbsp;mit neuen Features, die ein Software-Update verlangen, etwa die Verbesserungen in Sachen AR dank Lidar. Neuheiten wie die Trackpad-Unterst\u00fctzung kommen aber auch \u00e4lteren Ger\u00e4ten zu Gute, ab iPadOS 13.4, das&nbsp;Apple&nbsp;am Abend des 24. M\u00e4rz zeitgleich mit iOS 13.4 ver\u00f6ffentlicht hat.<\/p>\n\n\n\n<p class=\"wp-block-paragraph\">Eine der in beiden Systemen (und auch in macOS 10.15.4) neuen Funktion, die Apple bereits in den letzten Wochen in den Betas testen lie\u00df, war eigentlich noch f\u00fcr den Herbst versprochen gewesen \u2013 iCloud-Ordner-Sharing. Damit erlauben es&nbsp;iPhone,&nbsp;iPad&nbsp;und Mac, nicht nur einzelne Daten, sondern gleich komplette Ordner des iCloud Drive zu teilen. Das Feature fand sich in der Liste der Neuerungen f\u00fcr iOS 13, wegen Problemen bei der Entwicklung hat Apple die Sharing-Funktion zun\u00e4chst f\u00fcr &#8220;sp\u00e4ter im Herbst&#8221; und dann &#8220;im Fr\u00fchling&#8221; versprochen \u2013 immerhin, Fr\u00fchling ist jetzt.<\/p>\n\n\n\n<p class=\"wp-block-paragraph\">Auch schon l\u00e4nger angek\u00fcndigt sind neue Emojis und Memoji-Sticker.<\/p>\n\n\n\n<p class=\"wp-block-paragraph\">Was komplett neu ist, ist die&nbsp;Unterst\u00fctzung f\u00fcr Trackpad unter iPadOS&nbsp;. Anders als auf einem Mac erscheint der Cursor nicht in der Form eines Pfeils oder einer vertikalen Linie (in den Textprogrammen), sondern ist in Form eines schwebenden Kreises implementiert. Das ist an sich f\u00fcr ein Touchscreendisplay sinnvoll, wird wohl der Nutzer noch eigene Finger als Bedienelement einsetzen. Apple liefert die ben\u00f6tigten APIs f\u00fcr die Trackpad-Unterst\u00fctzung an Entwickler, mit gleichem Schwung werden auch die Apps Numbers, Pages und Keynote aktualisiert, sodass sie von Anfang an die neue Funktion unterst\u00fctzen.<\/p>\n\n\n\n<p class=\"wp-block-paragraph\">Neben diesen globalen Neuerungen werden mit iOS 13.4 neue Emojis kommen, der Entwickler will auch in Mail einige Bedienelemente anders anordnen: Bei iOS 13 befand sich der Papierkorb gleich neben dem Weiterleiten-Pfeil, was f\u00fcr viele unbeabsichtigt gel\u00f6schte Mails sorgte.<\/p>\n\n\n\n<p class=\"wp-block-paragraph\">Zu den neuen Funktionen geh\u00f6rt ebenfalls eine bessere Integration von Shazam: Wir erinnern uns: Apple hat die Firma im Dezember 2018 gekauft. Mit iOS 13.4 brauchen die Nutzer die App nicht mal zu installieren, eine entsprechende Funktion findet sich in den Siri Kurzbefehlen. Zwar konnte Siri auch schon davor die Frage ziemlich genau beantworten, welches Lied nun gerade spielt, auch hier war Shazam hilfreich, direkt in Siri Kurzbefehlen kann man die Datenbank der App gleich in einem komplexen Ablauf der Handlungen nutzen.<\/p>\n\n\n\n<p class=\"wp-block-paragraph\">Apropos, Siri. Diese wird jetzt ein bisschen stummer. Wird das&nbsp;iPhone&nbsp;von dem Nutzer nicht auf die R\u00fcckseite, sondern auf das Display abgelegt, reagiert die digitale Sprachassistentin nicht mehr auf Anfragen, selbst wenn das&nbsp;iPhone&nbsp;noch nicht deaktiviert wird. Kennt man diesen Trick, kann man Siri abh\u00e4ngig von der Situation oder ganz kurzfristig deaktivieren, mit dem n\u00e4chsten Anheben des iPhones ist die Assistentin wieder einsatzbereit.<\/p>\n\n\n\n<p class=\"wp-block-paragraph\">In den Einstellungen der TV-App gibt es nun zwei neue Optionen, damit kann man steuern, wie viel Daten die Video-Inhalte beim Streaming und beim Download verbrauchen werden. Diese Einstellung wird vor allem HDR-Filme betreffen: Schnelle Downloads und Streamings bevorzugen erstmals die Version ohne HDR, die mit mehr Datenvolumen werden die HDR-Version, falls verf\u00fcgbar, wiedergeben. Ab sofort kann man im deutschen Store auch Inhalte mit Originalsynchronisation beziehen. Das war in den letzten Jahren der gr\u00f6\u00dfte Kritikpunkt der Nutzer: Beim Kauf von &#8220;Game of Thrones&#8221; musste man beispielsweise h\u00f6llisch aufpassen, ob man gerade die deutsche oder englische Version f\u00fcr 25 Euro bezieht. Nun kann man die Originalsprache und weitere verf\u00fcgbaren Sprachen mit dem Download einbeziehen, die Datei wird logischerweise gr\u00f6\u00dfer, aber man muss die Inhalte nicht zweimal kaufen, wenn man sich verw\u00e4hlt hat.<\/p>\n\n\n\n<p class=\"wp-block-paragraph\">Bei den berichtigten Fehler ist die Liste ebenfalls lang: Apple hat vor allem wohl an der Synchronisation von Erinnerungen gearbeitet, die haben in der letzten Zeit eher schlecht als recht funktioniert. Das war vor allem bei den sich wiederholenden Erinnerungen der Fall. Umgekehrt, manche Erinnerungen erschienen im Sperrbildschirm, obwohl diese bereits als erledigt markiert worden waren.<\/p>\n\n\n\n<p class=\"wp-block-paragraph\">Manchmal wurde der Bildschirm beim Start der Kamera-App schwarz, das Motiv vor dem Objektiv war nur dann wieder zu sehen, wenn die App einmal geschlossen war, nach Angaben von Apple ist dieser Fehler ebenfalls behoben.<\/p>\n\n\n\n<p class=\"wp-block-paragraph\">Viele kleinere Fehler wurden in Safari behoben: In manchen F\u00e4llen hat der Browser bei Captcha die Bilder falsch dargestellt, bei manchen Webseiten funktionierte der Dark Mode nicht beim Smart Invert. Beim Kopieren vom Text in eine Webseite im Dark Mode wurde dieser einfach nicht dargestellt.<br>\n<\/p>\n","protected":false},"excerpt":{"rendered":"<p>Wie erwartet kommt zu den neuen iPad Pro nun auch das Update auf iPadOS 13.4 und iOS 13.4. Das ist neu. Seit beinahe einer Woche bietet&nbsp;Apple&nbsp;neue&nbsp;iPad Pro&nbsp;an, die bei ersten Bestellern auch schon angekommen sind, das&nbsp;Macbook Air&nbsp;ist ebenfalls leicht \u00fcberarbeitet worden und der&nbsp;Mac Mini bekommt mehr Speicher&nbsp;f\u00fcr den gleichen Preis. Insbesondere beim&nbsp;iPad&nbsp;Pro wirbt&nbsp;Apple&nbsp;mit neuen Features, [&hellip;]<\/p>\n","protected":false},"author":1,"featured_media":0,"comment_status":"open","ping_status":"open","sticky":false,"template":"","format":"standard","meta":{"footnotes":""},"categories":[6],"tags":[237],"class_list":["post-408","post","type-post","status-publish","format-standard","hentry","category-betriebssystem","tag-ios-13-4"],"_links":{"self":[{"href":"https:\/\/www.batteriewelt.com\/akkublog\/index.php?rest_route=\/wp\/v2\/posts\/408","targetHints":{"allow":["GET"]}}],"collection":[{"href":"https:\/\/www.batteriewelt.com\/akkublog\/index.php?rest_route=\/wp\/v2\/posts"}],"about":[{"href":"https:\/\/www.batteriewelt.com\/akkublog\/index.php?rest_route=\/wp\/v2\/types\/post"}],"author":[{"embeddable":true,"href":"https:\/\/www.batteriewelt.com\/akkublog\/index.php?rest_route=\/wp\/v2\/users\/1"}],"replies":[{"embeddable":true,"href":"https:\/\/www.batteriewelt.com\/akkublog\/index.php?rest_route=%2Fwp%2Fv2%2Fcomments&post=408"}],"version-history":[{"count":1,"href":"https:\/\/www.batteriewelt.com\/akkublog\/index.php?rest_route=\/wp\/v2\/posts\/408\/revisions"}],"predecessor-version":[{"id":409,"href":"https:\/\/www.batteriewelt.com\/akkublog\/index.php?rest_route=\/wp\/v2\/posts\/408\/revisions\/409"}],"wp:attachment":[{"href":"https:\/\/www.batteriewelt.com\/akkublog\/index.php?rest_route=%2Fwp%2Fv2%2Fmedia&parent=408"}],"wp:term":[{"taxonomy":"category","embeddable":true,"href":"https:\/\/www.batteriewelt.com\/akkublog\/index.php?rest_route=%2Fwp%2Fv2%2Fcategories&post=408"},{"taxonomy":"post_tag","embeddable":true,"href":"https:\/\/www.batteriewelt.com\/akkublog\/index.php?rest_route=%2Fwp%2Fv2%2Ftags&post=408"}],"curies":[{"name":"wp","href":"https:\/\/api.w.org\/{rel}","templated":true}]}}