{"id":3292,"date":"2025-08-08T10:29:53","date_gmt":"2025-08-08T09:29:53","guid":{"rendered":"http:\/\/www.batteriewelt.com\/akkublog\/?p=3292"},"modified":"2025-08-08T10:29:53","modified_gmt":"2025-08-08T09:29:53","slug":"warum-der-akku-fur-sena-20s-evo-20s-evo-01-ein-echtes-must-have-ist","status":"publish","type":"post","link":"http:\/\/www.batteriewelt.com\/akkublog\/?p=3292","title":{"rendered":"Warum der Akku f\u00fcr Sena 20S EVO 20S-EVO-01 ein echtes Must-have ist"},"content":{"rendered":"\n<p class=\"wp-block-paragraph\">Du hast deinen Sena 20S EVO 20S-EVO-01 immer im Helm dabei \u2013 und willst nat\u00fcrlich, dass dein Ger\u00e4t zuverl\u00e4ssig l\u00e4uft. Da kommt der richtige <strong><a class=\"\" href=\"https:\/\/www.batteriewelt.com\/detail\/13790\/20S-EVO\">Akku f\u00fcr Sena 20S EVO 20S-EVO-01<\/a><\/strong> ins Spiel! Denn ohne Power bringt dir die beste Kommunikation und Musik wenig.<\/p>\n\n\n\n<h2 class=\"wp-block-heading\">Was macht den Akku f\u00fcr Sena 20S EVO 20S-EVO-01 so besonders?<\/h2>\n\n\n\n<p class=\"wp-block-paragraph\">Der Akku ist perfekt abgestimmt auf dein 20S EVO Modell. Das bedeutet, dass du lange Fahrten mit zuverl\u00e4ssiger Leistung genie\u00dfen kannst. Ob du Musik h\u00f6rst, telefonierst oder im Gruppenchat bist \u2013 der Akku liefert konstant Energie, damit du entspannt unterwegs bist.<\/p>\n\n\n\n<h2 class=\"wp-block-heading\">Die Vorteile auf einen Blick:<\/h2>\n\n\n\n<ul class=\"wp-block-list\"><li>\n<strong>Lange Laufzeit:<\/strong> Mehr Zeit auf der Stra\u00dfe, weniger Sorgen ums Laden.\n<\/li><li>\n<strong>Passgenauigkeit:<\/strong> Der Akku passt exakt in dein Sena 20S EVO 20S-EVO-01, keine Kompatibilit\u00e4tsprobleme.\n<\/li><li>\n<strong>Schnelles Laden:<\/strong> Damit dein Akku flott wieder einsatzbereit ist.\n<\/li><li>\n<strong>Sicherheit:<\/strong> Qualit\u00e4t, auf die du dich verlassen kannst \u2013 ohne Risiko von \u00dcberhitzung oder Sch\u00e4den.\n<\/li><\/ul>\n\n\n\n<h2 class=\"wp-block-heading\">Wo findest du den Akku f\u00fcr Sena 20S EVO 20S-EVO-01?<\/h2>\n\n\n\n<p class=\"wp-block-paragraph\">Auf <a class=\"\" href=\"https:\/\/www.batteriewelt.com\/detail\/13790\/20S-EVO\">Batteriewelt.com<\/a> gibt es den passenden <strong><a class=\"\" href=\"https:\/\/www.batteriewelt.com\/detail\/13790\/20S-EVO\">Akku f\u00fcr Sena 20S EVO 20S-EVO-01<\/a><\/strong>. Hier kannst du bequem bestellen und dich auf originalgetreue Qualit\u00e4t verlassen.<\/p>\n\n\n\n<h2 class=\"wp-block-heading\">So pflegst du deinen Akku richtig<\/h2>\n\n\n\n<p class=\"wp-block-paragraph\">Damit du lange Freude an deinem Akku hast, gibt\u2019s ein paar einfache Tipps:<\/p>\n\n\n\n<ul class=\"wp-block-list\"><li>\nRegelm\u00e4\u00dfig laden, auch wenn du das Ger\u00e4t mal nicht nutzt.\n<\/li><li>\nTiefentladung vermeiden \u2013 das schont die Kapazit\u00e4t.\n<\/li><li>\nK\u00fchl und trocken lagern.\n<\/li><li>\nNur das empfohlene Ladeger\u00e4t verwenden.\n<\/li><\/ul>\n\n\n\n<h2 class=\"wp-block-heading\">Fazit: Akku f\u00fcr Sena 20S EVO 20S-EVO-01 \u2013 Dein zuverl\u00e4ssiger Begleiter<\/h2>\n\n\n\n<p class=\"wp-block-paragraph\">Wenn du auf Qualit\u00e4t und Leistung setzt, ist der <strong><a class=\"\" href=\"https:\/\/www.batteriewelt.com\/detail\/13790\/20S-EVO\">Akku f\u00fcr Sena 20S EVO 20S-EVO-01<\/a><\/strong> ein absolutes Muss. Schau bei <a class=\"\" href=\"https:\/\/www.batteriewelt.com\/detail\/13790\/20S-EVO\">Batteriewelt.com<\/a> vorbei und sichere dir deine Powerquelle f\u00fcr klare Kommunikation auf jeder Fahrt.<\/p>\n","protected":false},"excerpt":{"rendered":"<p>Du hast deinen Sena 20S EVO 20S-EVO-01 immer im Helm dabei \u2013 und willst nat\u00fcrlich, dass dein Ger\u00e4t zuverl\u00e4ssig l\u00e4uft. Da kommt der richtige Akku f\u00fcr Sena 20S EVO 20S-EVO-01 ins Spiel! Denn ohne Power bringt dir die beste Kommunikation und Musik wenig. Was macht den Akku f\u00fcr Sena 20S EVO 20S-EVO-01 so besonders? Der [&hellip;]<\/p>\n","protected":false},"author":1,"featured_media":0,"comment_status":"open","ping_status":"open","sticky":false,"template":"","format":"standard","meta":{"footnotes":""},"categories":[600],"tags":[620],"class_list":["post-3292","post","type-post","status-publish","format-standard","hentry","category-kopfhorer","tag-sena-20s-evo"],"_links":{"self":[{"href":"http:\/\/www.batteriewelt.com\/akkublog\/index.php?rest_route=\/wp\/v2\/posts\/3292","targetHints":{"allow":["GET"]}}],"collection":[{"href":"http:\/\/www.batteriewelt.com\/akkublog\/index.php?rest_route=\/wp\/v2\/posts"}],"about":[{"href":"http:\/\/www.batteriewelt.com\/akkublog\/index.php?rest_route=\/wp\/v2\/types\/post"}],"author":[{"embeddable":true,"href":"http:\/\/www.batteriewelt.com\/akkublog\/index.php?rest_route=\/wp\/v2\/users\/1"}],"replies":[{"embeddable":true,"href":"http:\/\/www.batteriewelt.com\/akkublog\/index.php?rest_route=%2Fwp%2Fv2%2Fcomments&post=3292"}],"version-history":[{"count":1,"href":"http:\/\/www.batteriewelt.com\/akkublog\/index.php?rest_route=\/wp\/v2\/posts\/3292\/revisions"}],"predecessor-version":[{"id":3293,"href":"http:\/\/www.batteriewelt.com\/akkublog\/index.php?rest_route=\/wp\/v2\/posts\/3292\/revisions\/3293"}],"wp:attachment":[{"href":"http:\/\/www.batteriewelt.com\/akkublog\/index.php?rest_route=%2Fwp%2Fv2%2Fmedia&parent=3292"}],"wp:term":[{"taxonomy":"category","embeddable":true,"href":"http:\/\/www.batteriewelt.com\/akkublog\/index.php?rest_route=%2Fwp%2Fv2%2Fcategories&post=3292"},{"taxonomy":"post_tag","embeddable":true,"href":"http:\/\/www.batteriewelt.com\/akkublog\/index.php?rest_route=%2Fwp%2Fv2%2Ftags&post=3292"}],"curies":[{"name":"wp","href":"https:\/\/api.w.org\/{rel}","templated":true}]}}