{"id":312,"date":"2019-12-24T10:06:25","date_gmt":"2019-12-24T09:06:25","guid":{"rendered":"http:\/\/www.batteriewelt.com\/akkublog\/?p=312"},"modified":"2019-12-24T10:06:25","modified_gmt":"2019-12-24T09:06:25","slug":"ipados-13-3-aktive-ecken-auf-dem-ipad-aktivieren-und-nutzen","status":"publish","type":"post","link":"http:\/\/www.batteriewelt.com\/akkublog\/?p=312","title":{"rendered":"iPadOS 13.3: Aktive Ecken auf dem iPad aktivieren und nutzen"},"content":{"rendered":"\n<p class=\"wp-block-paragraph\">Mac-Nutzer kennen das Konzept der \u201eaktiven Ecken\u201c aus den Systemeinstellungen von macOS. Auf ifun.de zuletzt&nbsp;in diesem Tipp aus 2017&nbsp;in einem Atemzug mit zus\u00e4tzlichen Tastenkombinationen ber\u00fccksichtigt, lassen sich hier Aktionen definieren, die ausgef\u00fchrt werden sollen, sobald der Mauszeiger in eine der vier Display-Ecken f\u00e4hrt.<\/p>\n\n\n\n<p class=\"wp-block-paragraph\">iPadOS 13.3 hat die aktiven Ecken nun auch auf Apples Tablet gebracht, stellt sich, \u00e4hnlich wie die Maus-Konfiguration, jedoch noch etwas unbeholfen an. Apropos: Am besten fangt ihr mit der&nbsp;hier beschriebenen Mausverbindung&nbsp;an, ehe ihr euch den Konfiguration der Ecken widmet.<\/p>\n\n\n\n<p class=\"wp-block-paragraph\">Ist eure Maus mit dem iPad verbunden und aktiviert, l\u00e4sst sich im Bereich&nbsp;Einstellungen &gt; Bedienungshilfen &gt; Tippen &gt; Assistive Touch &gt; Verweilsteuerung&nbsp;festlegen, welche Ecke mit welcher Aktion belegt werden soll. Hier k\u00f6nnen etwa der Druck auf die Home-Taste, das Aufrufen der Multitasking-Ansicht oder das Einblenden des Docks gew\u00e4hlt werden.<\/p>\n\n\n\n<p class=\"wp-block-paragraph\">Sind die Ecken, den eigenen Vorstellungen produktiver iPad-Nutzung angepasst, muss nun nur noch die Verweilsteuerung aktiviert werden. Dies hat leider zur Folge, dass die virtuelle \u201eAssistive Touch\u201c-Hometaste durchgehend auf dem iPad-Display eingeblendet wird.<\/p>\n\n\n\n<p class=\"wp-block-paragraph\">Anschlie\u00dfend empfehlen wir euch, die Dauer der Verweilsteuerung auf 0,25 Sekunden zu reduzieren und die Fallback-Aktion auf \u201eVerweilen anhalten\u201c festzulegen.<\/p>\n\n\n\n<p class=\"wp-block-paragraph\">Jetzt seid ihr entsprechend vorbereitet und k\u00f6nnt den Mauszeiger zum Ausf\u00fchren der definierten Aktionen schlicht in eine der vier Display-Ecken fahren. Dies sieht dann in etwa so aus:<\/p>\n\n\n\n<p class=\"wp-block-paragraph\">Wir w\u00fcrden uns zwar w\u00fcnschen, dass Apple das Ausblenden der \u201eAssistive Touch\u201c-Hometaste und eine noch k\u00fcrzere Verweildauer als 0,25 Sekunden m\u00f6glich machen w\u00fcrde, experimentieren mit dem aktuellen Ist-Zustand aber gerne eine paar Wochen herum.<\/p>\n\n\n\n<p class=\"wp-block-paragraph\">Solltet ihr noch auf der Suche nach einer iPad-Maus sein, empfehlen wir nach wie vor&nbsp;die M590 von Logitech. Diese kann per Knopfdruck zwischen Mac und iPad hin und her springen.<\/p>\n","protected":false},"excerpt":{"rendered":"<p>Mac-Nutzer kennen das Konzept der \u201eaktiven Ecken\u201c aus den Systemeinstellungen von macOS. Auf ifun.de zuletzt&nbsp;in diesem Tipp aus 2017&nbsp;in einem Atemzug mit zus\u00e4tzlichen Tastenkombinationen ber\u00fccksichtigt, lassen sich hier Aktionen definieren, die ausgef\u00fchrt werden sollen, sobald der Mauszeiger in eine der vier Display-Ecken f\u00e4hrt. iPadOS 13.3 hat die aktiven Ecken nun auch auf Apples Tablet gebracht, [&hellip;]<\/p>\n","protected":false},"author":1,"featured_media":0,"comment_status":"open","ping_status":"open","sticky":false,"template":"","format":"standard","meta":{"footnotes":""},"categories":[6],"tags":[155],"class_list":["post-312","post","type-post","status-publish","format-standard","hentry","category-betriebssystem","tag-ipados-13-3"],"_links":{"self":[{"href":"http:\/\/www.batteriewelt.com\/akkublog\/index.php?rest_route=\/wp\/v2\/posts\/312","targetHints":{"allow":["GET"]}}],"collection":[{"href":"http:\/\/www.batteriewelt.com\/akkublog\/index.php?rest_route=\/wp\/v2\/posts"}],"about":[{"href":"http:\/\/www.batteriewelt.com\/akkublog\/index.php?rest_route=\/wp\/v2\/types\/post"}],"author":[{"embeddable":true,"href":"http:\/\/www.batteriewelt.com\/akkublog\/index.php?rest_route=\/wp\/v2\/users\/1"}],"replies":[{"embeddable":true,"href":"http:\/\/www.batteriewelt.com\/akkublog\/index.php?rest_route=%2Fwp%2Fv2%2Fcomments&post=312"}],"version-history":[{"count":1,"href":"http:\/\/www.batteriewelt.com\/akkublog\/index.php?rest_route=\/wp\/v2\/posts\/312\/revisions"}],"predecessor-version":[{"id":313,"href":"http:\/\/www.batteriewelt.com\/akkublog\/index.php?rest_route=\/wp\/v2\/posts\/312\/revisions\/313"}],"wp:attachment":[{"href":"http:\/\/www.batteriewelt.com\/akkublog\/index.php?rest_route=%2Fwp%2Fv2%2Fmedia&parent=312"}],"wp:term":[{"taxonomy":"category","embeddable":true,"href":"http:\/\/www.batteriewelt.com\/akkublog\/index.php?rest_route=%2Fwp%2Fv2%2Fcategories&post=312"},{"taxonomy":"post_tag","embeddable":true,"href":"http:\/\/www.batteriewelt.com\/akkublog\/index.php?rest_route=%2Fwp%2Fv2%2Ftags&post=312"}],"curies":[{"name":"wp","href":"https:\/\/api.w.org\/{rel}","templated":true}]}}