{"id":2881,"date":"2023-08-19T03:46:11","date_gmt":"2023-08-19T02:46:11","guid":{"rendered":"http:\/\/www.batteriewelt.com\/akkublog\/?p=2881"},"modified":"2023-08-19T03:46:11","modified_gmt":"2023-08-19T02:46:11","slug":"neue-eu-regeln-fur-batterien-sind-in-kraft","status":"publish","type":"post","link":"http:\/\/www.batteriewelt.com\/akkublog\/?p=2881","title":{"rendered":"Neue EU-Regeln f\u00fcr Batterien sind in Kraft"},"content":{"rendered":"\n<p class=\"wp-block-paragraph\">In Deutschland und den anderen 26 EU-Staaten sind neue Regeln f\u00fcr umweltfreundlichere und sicherere Batterien in Kraft getreten.<\/p>\n\n\n\n<p class=\"wp-block-paragraph\">Wie die Europ\u00e4ische Kommission am Donnerstag mitteilte, sehen sie unter anderem Zielvorgaben f\u00fcr die Recyclingeffizienz vor.<\/p>\n\n\n\n<p class=\"wp-block-paragraph\">So muss sp\u00e4testens bis zum 31. Dezember 2025 eine Aufbereitung und Wiederverwendung von 75 Prozent des durchschnittlichen Gewichts von Blei-S\u00e4ure-Batterien sichergestellt werden. Bei Lithium-Batterien sollen es 65 Prozent sein und bei Nickel-Cadmium-Batterien 80 Prozent. Noch strengere Vorgaben m\u00fcssen dann bis Ende 2027 beziehungsweise bis Ende 2030 umgesetzt werden.<\/p>\n\n\n\n<p class=\"wp-block-paragraph\">Zudem regelt die neue Batterienverordnung, dass Akkus in zahlreichen Ger\u00e4ten wie Handys und Laptops k\u00fcnftig von Verbrauchern selbst austauschbar sein m\u00fcssen. Diese neue Vorgabe gilt ab dem 18. Februar 2027 und soll dazu beitragen, die Lebensdauer von Produkten zu verl\u00e4ngern.<\/p>\n\n\n\n<p class=\"wp-block-paragraph\">Hintergrund der neuen Regeln ist unter anderem die gro\u00dfe Nachfrage nach Batterien wegen der Elektrifizierung des Verkehrs. Nach Angaben der EU-Kommission wird erwartet, dass die Nachfrage bis 2030 weltweit um das 14-fache steigen wird, wobei 17 Prozent dieser Nachfrage auf die EU entfallen k\u00f6nnten. Die jetzt in Kraft getretene Verordnung war auf Grundlage eines Vorschlags der Kommission erarbeitet und im Juli von den EU-Staaten final beschlossen worden.<\/p>\n","protected":false},"excerpt":{"rendered":"<p>In Deutschland und den anderen 26 EU-Staaten sind neue Regeln f\u00fcr umweltfreundlichere und sicherere Batterien in Kraft getreten. Wie die Europ\u00e4ische Kommission am Donnerstag mitteilte, sehen sie unter anderem Zielvorgaben f\u00fcr die Recyclingeffizienz vor. So muss sp\u00e4testens bis zum 31. Dezember 2025 eine Aufbereitung und Wiederverwendung von 75 Prozent des durchschnittlichen Gewichts von Blei-S\u00e4ure-Batterien sichergestellt [&hellip;]<\/p>\n","protected":false},"author":1,"featured_media":0,"comment_status":"open","ping_status":"open","sticky":false,"template":"","format":"standard","meta":{"footnotes":""},"categories":[1],"tags":[],"class_list":["post-2881","post","type-post","status-publish","format-standard","hentry","category-uncategorized"],"_links":{"self":[{"href":"http:\/\/www.batteriewelt.com\/akkublog\/index.php?rest_route=\/wp\/v2\/posts\/2881","targetHints":{"allow":["GET"]}}],"collection":[{"href":"http:\/\/www.batteriewelt.com\/akkublog\/index.php?rest_route=\/wp\/v2\/posts"}],"about":[{"href":"http:\/\/www.batteriewelt.com\/akkublog\/index.php?rest_route=\/wp\/v2\/types\/post"}],"author":[{"embeddable":true,"href":"http:\/\/www.batteriewelt.com\/akkublog\/index.php?rest_route=\/wp\/v2\/users\/1"}],"replies":[{"embeddable":true,"href":"http:\/\/www.batteriewelt.com\/akkublog\/index.php?rest_route=%2Fwp%2Fv2%2Fcomments&post=2881"}],"version-history":[{"count":1,"href":"http:\/\/www.batteriewelt.com\/akkublog\/index.php?rest_route=\/wp\/v2\/posts\/2881\/revisions"}],"predecessor-version":[{"id":2882,"href":"http:\/\/www.batteriewelt.com\/akkublog\/index.php?rest_route=\/wp\/v2\/posts\/2881\/revisions\/2882"}],"wp:attachment":[{"href":"http:\/\/www.batteriewelt.com\/akkublog\/index.php?rest_route=%2Fwp%2Fv2%2Fmedia&parent=2881"}],"wp:term":[{"taxonomy":"category","embeddable":true,"href":"http:\/\/www.batteriewelt.com\/akkublog\/index.php?rest_route=%2Fwp%2Fv2%2Fcategories&post=2881"},{"taxonomy":"post_tag","embeddable":true,"href":"http:\/\/www.batteriewelt.com\/akkublog\/index.php?rest_route=%2Fwp%2Fv2%2Ftags&post=2881"}],"curies":[{"name":"wp","href":"https:\/\/api.w.org\/{rel}","templated":true}]}}