{"id":2809,"date":"2023-06-13T03:53:09","date_gmt":"2023-06-13T02:53:09","guid":{"rendered":"http:\/\/www.batteriewelt.com\/akkublog\/?p=2809"},"modified":"2023-06-13T03:53:09","modified_gmt":"2023-06-13T02:53:09","slug":"apple-vision-pro-im-hands-on","status":"publish","type":"post","link":"https:\/\/www.batteriewelt.com\/akkublog\/?p=2809","title":{"rendered":"Apple Vision Pro im Hands-on"},"content":{"rendered":"\n<p class=\"wp-block-paragraph\">Ich bin in die Welt der Apple Vision Pro eingetaucht und wollte sie gar nicht mehr verlassen. Hier sind meine Erfahrungen mit Apples neuer AR\/VR-Brille.<\/p>\n\n\n\n<p class=\"wp-block-paragraph\">Auf der WWDC 2023 von Apple habe ich die Zukunft gesehen &#8211; oder zumindest Apples Vision von der Zukunft der Computertechnologie. Am Tag nach der gro\u00dfen Pr\u00e4sentation der neuen Produkte durfte ich die Apple Vision Pro ausprobieren. Apples neues Mixed-Reality-Headset wird Anfang 2024 f\u00fcr 3.499 US-Dollar auf den Markt kommen.<\/p>\n\n\n\n<p class=\"wp-block-paragraph\">Das Vision Pro ist das beeindruckendste Produkt der ersten Generation, das ich von Apple gesehen habe &#8211; beeindruckender als der iMac von 1998 oder das iPhone von 2007. Mir ist bewusst, dass auch andere Unternehmen VR-Headsets auf den Markt bringen, aber Apple macht genau das, was wir erwarten: Apple nutzt sein Wissen dar\u00fcber, was ein zufriedenstellendes Benutzererlebnis ausmacht, und schafft ein neues Produkt in einem bestehenden Markt, das die Messlatte f\u00fcr Exzellenz h\u00f6her legt.<\/p>\n\n\n\n<p class=\"wp-block-paragraph\">Und ja, die Vision Pro ist teuer, und ja, dieser Markt hat noch nicht bewiesen, dass er mehr als ein Nischenmarkt ist. Aber vielleicht wird Apple genau das \u00e4ndern?<\/p>\n\n\n\n<p class=\"wp-block-paragraph\">Ich durfte die Vision Pro eine Stunde lang ausprobieren. Leider durfte ich keine Fotos oder Videos machen; die hier ver\u00f6ffentlichten Fotos wurden von Apple zur Verf\u00fcgung gestellt.<\/p>\n\n\n\n<p class=\"wp-block-paragraph\">Bei dem von mir verwendeten Ger\u00e4t handelt es sich um eine fr\u00fche Betaversion, es ist also m\u00f6glich, ja sogar wahrscheinlich, dass sich die Hardware oder Software bis zum n\u00e4chsten Jahr noch \u00e4ndern wird.<\/p>\n\n\n\n<p class=\"wp-block-paragraph\">Ein emotionales Highlight: Die Vision-Pro-Displays<br>\nMeine Vorf\u00fchrung des Apple Vision Pro hat vieles abgedeckt, aber die Demonstrationen von r\u00e4umlichen Fotos und Videos sowie die immersiven Erlebnisse haben mich vor Ehrfurcht erstarren lassen, was mit diesem Headset m\u00f6glich ist.<\/p>\n\n\n\n<p class=\"wp-block-paragraph\">Die von Apple pr\u00e4sentierten r\u00e4umlichen Medien versetzten mich mitten in die aufgezeichneten Erinnerungen und weckten in mir Erinnerungen und Emotionen an \u00e4hnliche Momente. Wie w\u00fcrde es sich anf\u00fchlen, meine eigenen r\u00e4umlichen Medienmomente zu sehen? Unglaublich, stelle ich mir vor.<\/p>\n\n\n\n<p class=\"wp-block-paragraph\">Bei meiner Demonstration des Apple Vision Pro habe ich dieses Foto in einer vollst\u00e4ndig immersiven 3D-Ansicht gesehen. Es war, als w\u00e4re ich auf der Party gewesen.<\/p>\n\n\n\n<p class=\"wp-block-paragraph\">Das immersive Video hat mir eine G\u00e4nsehaut verursacht. Mein K\u00f6rper reagierte auf die Situationen und mein Geist auf die Bilder und Ger\u00e4usche. In einer Demo konnte ich einen verr\u00fcckten Dinosaurier streicheln. Kein Tier, das wie ein 3D-Modell vor einem illustrierten Hintergrund aussah, sondern ein realistisch aussehender Dinosaurier, der an meiner Hand schnupperte und sich von mir streicheln lie\u00df. Mir lief ein Schauer \u00fcber den R\u00fccken.<\/p>\n\n\n\n<p class=\"wp-block-paragraph\">Dieses Gef\u00fchl des Eintauchens in die Welt der VR-Headsets ist nicht neu &#8211; es ist der Kern des Produkts im Allgemeinen. Was das Apple Vision Pro jedoch auszeichnet, sind die beiden Bildschirme, die vor jedem Auge angebracht sind. Die Aufl\u00f6sung und die Farben, die sie anzeigen, sind fantastisch und lassen die Objekte sehr realistisch aussehen.<\/p>\n\n\n\n<p class=\"wp-block-paragraph\">Sie sind allerdings nicht perfekt, ab und zu bemerkte ich Pixelbildung oder die Wiedergabe stotterte. Allerdings nicht bei den Demovideos, sondern bei den Personen, die in Echtzeit mit mir im Raum waren. Die Demovideos von Apple w\u00e4hrend der Keynote und auf der Website vermitteln den Eindruck, dass man das Headset nicht sieht, wenn man es tr\u00e4gt. Das stimmt zwar nicht, beeintr\u00e4chtigt aber das Gef\u00fchl der Immersion nicht.<\/p>\n\n\n\n<p class=\"wp-block-paragraph\">Benutzerfreundlichkeit und Portabilit\u00e4t<br>\nAls ich den Startbildschirm zum ersten Mal sah, wollte ich instinktiv mit dem Finger auf ein Symbol tippen, wie man es von einem iPhone oder iPad kennt. Aber stattdessen schaut man auf das, was man nutzen m\u00f6chte, und f\u00fchrt dann eine Aktion mit Gesten aus. Nat\u00fcrlich ist das etwas gew\u00f6hnungsbed\u00fcrftig. Aber nach etwa 20 Minuten f\u00fchlt es sich ganz nat\u00fcrlich an.<\/p>\n\n\n\n<p class=\"wp-block-paragraph\">Meine Vorf\u00fchrung des Apple Vision Pro hat vieles abgedeckt, aber die Demonstrationen von r\u00e4umlichen Fotos und Videos sowie die immersiven Erlebnisse haben mich beeindruckt, was mit dem Headset m\u00f6glich ist.<\/p>\n\n\n\n<p class=\"wp-block-paragraph\">Es ist hilfreich, dass man nicht wie ein Dirigent die Arme ausstrecken und gestikulieren muss. Ich konnte meine Arme bequem an der Seite halten, w\u00e4hrend ich auf einem Sofa sa\u00df und durch die Benutzeroberfl\u00e4che navigierte. Auch das Eyetracking war sehr pr\u00e4zise.<\/p>\n\n\n\n<p class=\"wp-block-paragraph\">Meine Erfahrungen mit dem Betriebssystem waren etwas begrenzt; ich hatte keine Gelegenheit, die Bildschirmtastatur zu benutzen, und ich habe auch keine Bluetooth-Eingabeger\u00e4te verwendet. Au\u00dferdem habe ich das Apple Vision Pro nicht als Mac-Display verwendet, was ein wichtiger Bestandteil der Keynote-Demo war.<\/p>\n\n\n\n<p class=\"wp-block-paragraph\">In meiner Demo hatte das Headset einen Klettverschluss, der \u00fcber den Kopf verlief &#8211; dieser Riemen ist auf den Produktfotos und -videos von Apple nicht zu sehen. Ich denke, dass Apple nach der Vermessung meines Kopfes festgestellt hat, dass ich von diesem oberen Riemen profitieren w\u00fcrde, damit das Vision Pro richtig sitzt.<\/p>\n\n\n\n<p class=\"wp-block-paragraph\">Das Headset ist so konstruiert, dass kein Licht aus dem Raum in die Brille eindringen kann. Oben schloss die Dichtung gut ab, aber unten gab es einen sichtbaren Spalt zwischen Nase und Helm. Das &#8220;Light Seal&#8221;, also die Dichtung, die das Licht aus dem Helm heraush\u00e4lt, wird es wahrscheinlich in verschiedenen Formen und Gr\u00f6\u00dfen geben. Schlie\u00dflich haben alle Gesichter unterschiedliche Formen und Gr\u00f6\u00dfen. W\u00e4re ich in einem Apple Store gewesen, h\u00e4tte ich die Passform von Apple anpassen lassen k\u00f6nnen.<\/p>\n\n\n\n<p class=\"wp-block-paragraph\">Erster Eindruck vom Apple Vision Pro<br>\nNach etwa einer Stunde war meine Demonstration zu Ende und ich nahm das Headset ab. Ich hatte keine Erm\u00fcdungserscheinungen im Nacken und sp\u00fcrte nicht, wie sich das Headset und die B\u00fcgel an meinen Kopf schmiegten. Ich hatte vielmehr das Gef\u00fchl, ich h\u00e4tte den Test noch l\u00e4nger machen k\u00f6nnen &#8211; und ich h\u00e4tte es auch gerne getan, wenn Apple mich gelassen h\u00e4tte.<\/p>\n\n\n\n<p class=\"wp-block-paragraph\">Ich geh\u00f6re zu den Gl\u00fccklichen, die hier etwas wirklich Innovatives gesehen haben, das die Art und Weise, wie wir Computer in Zukunft nutzen, wirklich beeinflussen kann. Wenn Apple seine Karten richtig ausspielt und der Markt Apples Vision annimmt. Und ich glaube, dass Apple die Chance dazu hat.<\/p>\n","protected":false},"excerpt":{"rendered":"<p>Ich bin in die Welt der Apple Vision Pro eingetaucht und wollte sie gar nicht mehr verlassen. Hier sind meine Erfahrungen mit Apples neuer AR\/VR-Brille. Auf der WWDC 2023 von Apple habe ich die Zukunft gesehen &#8211; oder zumindest Apples Vision von der Zukunft der Computertechnologie. Am Tag nach der gro\u00dfen Pr\u00e4sentation der neuen Produkte [&hellip;]<\/p>\n","protected":false},"author":1,"featured_media":0,"comment_status":"open","ping_status":"open","sticky":false,"template":"","format":"standard","meta":{"footnotes":""},"categories":[1],"tags":[],"class_list":["post-2809","post","type-post","status-publish","format-standard","hentry","category-uncategorized"],"_links":{"self":[{"href":"https:\/\/www.batteriewelt.com\/akkublog\/index.php?rest_route=\/wp\/v2\/posts\/2809","targetHints":{"allow":["GET"]}}],"collection":[{"href":"https:\/\/www.batteriewelt.com\/akkublog\/index.php?rest_route=\/wp\/v2\/posts"}],"about":[{"href":"https:\/\/www.batteriewelt.com\/akkublog\/index.php?rest_route=\/wp\/v2\/types\/post"}],"author":[{"embeddable":true,"href":"https:\/\/www.batteriewelt.com\/akkublog\/index.php?rest_route=\/wp\/v2\/users\/1"}],"replies":[{"embeddable":true,"href":"https:\/\/www.batteriewelt.com\/akkublog\/index.php?rest_route=%2Fwp%2Fv2%2Fcomments&post=2809"}],"version-history":[{"count":1,"href":"https:\/\/www.batteriewelt.com\/akkublog\/index.php?rest_route=\/wp\/v2\/posts\/2809\/revisions"}],"predecessor-version":[{"id":2810,"href":"https:\/\/www.batteriewelt.com\/akkublog\/index.php?rest_route=\/wp\/v2\/posts\/2809\/revisions\/2810"}],"wp:attachment":[{"href":"https:\/\/www.batteriewelt.com\/akkublog\/index.php?rest_route=%2Fwp%2Fv2%2Fmedia&parent=2809"}],"wp:term":[{"taxonomy":"category","embeddable":true,"href":"https:\/\/www.batteriewelt.com\/akkublog\/index.php?rest_route=%2Fwp%2Fv2%2Fcategories&post=2809"},{"taxonomy":"post_tag","embeddable":true,"href":"https:\/\/www.batteriewelt.com\/akkublog\/index.php?rest_route=%2Fwp%2Fv2%2Ftags&post=2809"}],"curies":[{"name":"wp","href":"https:\/\/api.w.org\/{rel}","templated":true}]}}