{"id":2798,"date":"2023-06-07T03:06:39","date_gmt":"2023-06-07T02:06:39","guid":{"rendered":"http:\/\/www.batteriewelt.com\/akkublog\/?p=2798"},"modified":"2023-06-07T03:06:39","modified_gmt":"2023-06-07T02:06:39","slug":"apple-chef-cook-wettet-mit-computer-brille-auf-die-zukunft","status":"publish","type":"post","link":"https:\/\/www.batteriewelt.com\/akkublog\/?p=2798","title":{"rendered":"Apple-Chef Cook wettet mit Computer-Brille auf die Zukunft"},"content":{"rendered":"\n<p class=\"wp-block-paragraph\">Apple-Chef Tim Cook hat den Gewinn des Konzerns in schwindelerregende H\u00f6hen geschraubt hat. Mit einer neuartigen Computer-Brille will er beweisen, dass er auch neue Produkte auf den Markt bringen kann.<\/p>\n\n\n\n<p class=\"wp-block-paragraph\">Apple-Chef Tim Cook f\u00fchrt seit fast zw\u00f6lf Jahren den iPhone-Konzern und hat seitdem den Wert des Unternehmens verzehnfachen k\u00f6nnen. Trotz des enormen \u00f6konomischen Erfolgs verstummen jedoch kritische Stimmen nicht. Kritiker verweisen darauf, dass fast alle aktuellen Erfolgsprodukte mit dem Apfel-Logo noch auf die Visionen von Steve Jobs zur\u00fcckzuf\u00fchren sind, der bereits im Oktober 2011 an den Folgen einer Krebserkrankung starb. Mit einer neuen Computer-Brille wagt Cook sich nun aus dem Schatten des legend\u00e4ren Firmen-Mitbegr\u00fcnders hervor.<\/p>\n\n\n\n<p class=\"wp-block-paragraph\">Auf der Apple-Entwicklermesse WWDC stellte Cook am Montag der \u00d6ffentlichkeit seine erste Daten-Brille mit dem Namen Vision Pro vor, mit der Apple nicht weniger als eine neue Computer-Plattform etablieren will. Die Vision Pro l\u00e4sst die User zum einen wie herk\u00f6mmliche VR-Brillen tief in eine virtuelle Realit\u00e4t eintauchen, erm\u00f6glicht gleichzeitig aber immer wieder, auch die analoge Umgebung wahrzunehmen.<\/p>\n\n\n\n<p class=\"wp-block-paragraph\">Das Headset, das wie eine futuristische Skibrille aussieht, bietet den Anwendern eine dreidimensionale Bedienoberfl\u00e4che. Mit dieser k\u00f6nnen sie ihre analoge Umgebung und die virtuelle Realit\u00e4t gleichzeitig sehen oder zwischen beiden Welten wechseln.<\/p>\n\n\n\n<p class=\"wp-block-paragraph\">Tragbarer Umgebungs-Computer<br>\nApple nennt die Vision Pro einen tragbaren Umgebungs-Computer. &#8220;Wir glauben, dass die Apple Vision Pro ein revolution\u00e4res Produkt ist&#8221;, sagte Konzernchef Cook. Das Ger\u00e4t werde die Art und Weise ver\u00e4ndern, wie Menschen kommunizieren und zusammenarbeiten, zeigte er sich \u00fcberzeugt. In den USA soll das Ger\u00e4t Anfang kommenden Jahres auf den Markt kommen. Ein Datum f\u00fcr den Marktstart au\u00dferhalb der USA wurde noch nicht genannt.<\/p>\n\n\n\n<p class=\"wp-block-paragraph\">Bei der Apple-Brille wird die Umgebung von Kameras auf dem Geh\u00e4use eingefangen und auf Displays vor den Augen der Anwenderin oder des Anwenders wiedergegeben. Nach diesem Prinzip geht auch die Konkurrenz vor. Auf beide Bildschirme verteilt hat die Brille 23 Millionen Pixel &#8211; mehr als die 4K-Aufl\u00f6sung eines Fernsehers f\u00fcr jedes Auge.<\/p>\n\n\n\n<p class=\"wp-block-paragraph\">Streamingdienst Disney+ auf der Brille verf\u00fcgbar<br>\nApple sieht eine Einsatzm\u00f6glichkeit f\u00fcr die Vision Pro im Beruf, weil man sich viele gro\u00dfe virtuelle Displays ins Blickfeld einblenden kann. Die Apple-Brille soll aber auch wie ein mobiles 3D-Kino und f\u00fcr andere Unterhaltungsanwendungen genutzt werden k\u00f6nnen. So wird der Streamingdienst Disney+ von Beginn an auf der Vision Pro verf\u00fcgbar sein.<\/p>\n\n\n\n<p class=\"wp-block-paragraph\">Carolina Milanesi, Analystin vom Marktforschungsunternehmen Creative Strategies, sagte in Cupertino, sie glaube nicht, dass das Headset derzeit f\u00fcr den Massenmarkt gedacht sei. Stattdessen richte sich Apple zun\u00e4chst an Technikbegeisterte sowie an Entwickler, die Anwendungen f\u00fcr die Vision Pro programmieren werden. &#8220;F\u00fcr diese Zielgruppe stellen auch die 3.500 US-Dollar, die Apple f\u00fcr die erste Generation haben m\u00f6chte, kein Problem dar. Sie wollen das Neueste und das Beste. Da spielt das Preisschild keine gro\u00dfe Rolle&#8221;<\/p>\n\n\n\n<p class=\"wp-block-paragraph\">Die Expertin geht aber davon aus, dass es nicht bei dem vergleichsweise hohen Preis bleiben wird. Schon der Name &#8220;Vision Pro&#8221; k\u00f6nnte ein Hinweis darauf sein, dass es in absehbarer Zeit ein preisg\u00fcnstigeres, vielleicht weniger leistungsf\u00e4higes Ger\u00e4t geben k\u00f6nnte, eine &#8220;Vision ohne Pro&#8221;, sagte Milanesi der Nachrichtenagentur dpa.<\/p>\n\n\n\n<p class=\"wp-block-paragraph\">Apple steigt mit seinem hochpreisigen Produkt ausgerechnet in einem Moment in den Markt ein, in dem ein kurzlebiger Hype rund um das Gesch\u00e4ft mit virtuellen Welten und Objekten merklich abgeflaut ist. Stattdessen steht unter anderem dank dem Textroboter ChatGPT, der S\u00e4tze auf dem sprachlichen Niveau eines Menschen formulieren kann, K\u00fcnstliche Intelligenz im Mittelpunkt.<\/p>\n\n\n\n<p class=\"wp-block-paragraph\">VR-Brillen und virtuelle Welten bisher ein Nischengesch\u00e4ft<br>\nVor allem Facebook-Gr\u00fcnder Mark Zuckerberg setzt weiter auf eine Zukunft, in der sich gro\u00dfe Teile des Lebens in einer digitalen Welt &#8211; dem &#8220;Metaverse&#8221; &#8211; abspielen w\u00fcrden. Um das zu betonen, benannte er den Facebook-Konzern in &#8220;Meta&#8221; um. Doch trotz Milliarden-Investitionen blieben VR-Brillen und virtuelle Welten bisher ein Nischengesch\u00e4ft &#8211; das Meta Milliardenverluste einbringt. Der Konzern ist Marktf\u00fchrer bei VR-Headsets und begr\u00fc\u00dfte Apple vergangene Woche mit der Ank\u00fcndigung des neuen Modells Meta Quest 3 zum Preis von 570 Euro. Es werde auch gut darin sein, digitale Objekte in die reale Umgebung einzublenden, sagte Zuckerberg.<\/p>\n\n\n\n<p class=\"wp-block-paragraph\">Das Gesch\u00e4ft mit VR-Brillen ist bislang unvergleichlich kleiner als der Smartphone-Markt. Die Marktforscher von IDC gehen davon aus, dass 2023 lediglich zehn Millionen VR- und AR-Headsets abgesetzt werden. Zum Vergleich: Im vergangenen Jahr wurden weltweit \u00fcber 1,2 Milliarden Smartphones verkauft.<\/p>\n\n\n\n<p class=\"wp-block-paragraph\">Zu Beginn des Events wurden neue Mac-Computer mit leistungsst\u00e4rkeren Prozessoren vorgestellt. Darunter ist auch das erste Modell des auf professionelle Nutzer ausgerichteten Mac Pro mit hauseigenen Chips. Die mehrj\u00e4hrige Umstellung der Modellpalette von Intel-Prozessoren auf Chips aus eigener Entwicklung ist damit abgeschlossen. Danach wurden Neuerungen der n\u00e4chsten Betriebssysteme f\u00fcr iPhone, iPad und Mac vorgestellt. Dazu geh\u00f6rt unter anderem die M\u00f6glichkeit, leichter Kontaktdaten zwischen zwei iPhones auszutauschen.<\/p>\n","protected":false},"excerpt":{"rendered":"<p>Apple-Chef Tim Cook hat den Gewinn des Konzerns in schwindelerregende H\u00f6hen geschraubt hat. Mit einer neuartigen Computer-Brille will er beweisen, dass er auch neue Produkte auf den Markt bringen kann. Apple-Chef Tim Cook f\u00fchrt seit fast zw\u00f6lf Jahren den iPhone-Konzern und hat seitdem den Wert des Unternehmens verzehnfachen k\u00f6nnen. Trotz des enormen \u00f6konomischen Erfolgs verstummen [&hellip;]<\/p>\n","protected":false},"author":1,"featured_media":0,"comment_status":"open","ping_status":"open","sticky":false,"template":"","format":"standard","meta":{"footnotes":""},"categories":[1],"tags":[],"class_list":["post-2798","post","type-post","status-publish","format-standard","hentry","category-uncategorized"],"_links":{"self":[{"href":"https:\/\/www.batteriewelt.com\/akkublog\/index.php?rest_route=\/wp\/v2\/posts\/2798","targetHints":{"allow":["GET"]}}],"collection":[{"href":"https:\/\/www.batteriewelt.com\/akkublog\/index.php?rest_route=\/wp\/v2\/posts"}],"about":[{"href":"https:\/\/www.batteriewelt.com\/akkublog\/index.php?rest_route=\/wp\/v2\/types\/post"}],"author":[{"embeddable":true,"href":"https:\/\/www.batteriewelt.com\/akkublog\/index.php?rest_route=\/wp\/v2\/users\/1"}],"replies":[{"embeddable":true,"href":"https:\/\/www.batteriewelt.com\/akkublog\/index.php?rest_route=%2Fwp%2Fv2%2Fcomments&post=2798"}],"version-history":[{"count":1,"href":"https:\/\/www.batteriewelt.com\/akkublog\/index.php?rest_route=\/wp\/v2\/posts\/2798\/revisions"}],"predecessor-version":[{"id":2799,"href":"https:\/\/www.batteriewelt.com\/akkublog\/index.php?rest_route=\/wp\/v2\/posts\/2798\/revisions\/2799"}],"wp:attachment":[{"href":"https:\/\/www.batteriewelt.com\/akkublog\/index.php?rest_route=%2Fwp%2Fv2%2Fmedia&parent=2798"}],"wp:term":[{"taxonomy":"category","embeddable":true,"href":"https:\/\/www.batteriewelt.com\/akkublog\/index.php?rest_route=%2Fwp%2Fv2%2Fcategories&post=2798"},{"taxonomy":"post_tag","embeddable":true,"href":"https:\/\/www.batteriewelt.com\/akkublog\/index.php?rest_route=%2Fwp%2Fv2%2Ftags&post=2798"}],"curies":[{"name":"wp","href":"https:\/\/api.w.org\/{rel}","templated":true}]}}