{"id":2796,"date":"2023-06-06T04:34:23","date_gmt":"2023-06-06T03:34:23","guid":{"rendered":"http:\/\/www.batteriewelt.com\/akkublog\/?p=2796"},"modified":"2023-06-06T04:34:23","modified_gmt":"2023-06-06T03:34:23","slug":"apple-stellt-voraussichtlich-computer-brille-vor","status":"publish","type":"post","link":"https:\/\/www.batteriewelt.com\/akkublog\/?p=2796","title":{"rendered":"Apple stellt voraussichtlich Computer-Brille vor"},"content":{"rendered":"\n<p class=\"wp-block-paragraph\">Auf Twitter k\u00fcndigte Apple f\u00fcr seine Entwicklerkonferenz WWDC eine &#8220;neue \u00c4ra&#8221; an. Dabei d\u00fcrfte es sich um den Einstieg des iPhone-Konzerns in den Bereich &#8220;Mixed Reality&#8221; mit einer Computer-Brille handeln.<\/p>\n\n\n\n<p class=\"wp-block-paragraph\">Die Fans von Apple warten seit fast zehn Jahren auf das sprichw\u00f6rtliche &#8220;One More Thing&#8221;, das n\u00e4chste gro\u00dfe Ding. Wenn sich die Ger\u00fcchte best\u00e4tigen, wird es an diesem Montagabend so weit sein. &#8220;Eine neue \u00c4ra beginnt&#8221;, k\u00fcndigte Apple auf Twitter an und damit d\u00fcrfte eine Computer-Brille gemeint sein, mit der Apple den Bereich der sogenannten &#8220;Mixed Reality&#8221; neu definieren will.<\/p>\n\n\n\n<p class=\"wp-block-paragraph\">\u00dcber das Ger\u00e4t in der Form einer Art Hightech-Skibrille sollen zum einen virtuelle Einblendungen in die echte Welt m\u00f6glich sein (Augmented Reality, AR). Gleichzeitig soll man aber auch komplett in virtuelle Welten eintauchen k\u00f6nnen (Virtual Reality, VR). Die Mischung von AR und VR nennt man &#8220;Mixed Reality&#8221; (XR). Bei der Apple-Brille soll man mit einem Drehknopf zwischen AR und AR umschalten k\u00f6nnen.<\/p>\n\n\n\n<p class=\"wp-block-paragraph\">Die Umgebung wird dabei laut Medienberichten &#8211; wie auch bei Ger\u00e4ten der Konkurrenz &#8211; von Kameras auf dem Geh\u00e4use eingefangen und auf Displays vor den Augen wiedergegeben. Zuvor wurde jahrelang \u00fcber Apples Pl\u00e4ne f\u00fcr eine Brille mit durchsichtigen Gl\u00e4sern spekuliert, bei der digitale Objekte direkt ins Blickfeld der Nutzer eingeblendet werden. Doch daf\u00fcr fehlen laut Medienberichten immer noch die n\u00f6tigen technologischen Durchbr\u00fcche.<\/p>\n\n\n\n<p class=\"wp-block-paragraph\">Datenbrille soll neue Ger\u00e4tekategorie gr\u00fcnden<br>\nDie neue Datenbrille soll sich in gro\u00dfe Produktinnovationen einreihen, die Apple vom kleinen Computerpionier der 70er Jahre zu einem der wertvollsten Konzerne der Welt gemacht haben: Macintosh Computer (1984), iMac (1999), iPod (2001), iPhone (2007), iPad (2010) und zuletzt die Apple Watch (2014).<\/p>\n\n\n\n<p class=\"wp-block-paragraph\">Der Einstieg in das neue Segment ist f\u00fcr Apple allerdings mit erheblichen unternehmerischen Risiken verbunden. Zum einen ist der Markt f\u00fcr VR- und AR-Quellen bislang nicht besonders gro\u00df. Die Marktforscher von IDC gehen davon aus, dass 2023 lediglich zehn Millionen VR- und AR-Headsets abgesetzt werden. Zum Vergleich: Im vergangenen Jahr wurden weltweit \u00fcber 1,2 Milliarden Smartphones verkauft.<\/p>\n\n\n\n<p class=\"wp-block-paragraph\">Dazu kommt, dass Apple gegen Wettbewerber antreten muss, die seit vielen Jahren Erfahrungen mit den Datenbrillen und den daf\u00fcr notwendigen Anwendungen gesammelt haben. Der Facebook-Konzern nahm die geplante virtuelle Bev\u00f6lkerung des digitalen &#8220;Metaverse&#8221; sogar zum Anlass, sich in Meta umzubenennen.<\/p>\n\n\n\n<p class=\"wp-block-paragraph\">Am Donnerstag vergangener Woche versuchte Meta, dem potenziellen Konkurrenten Apple mit einer eigenen Ank\u00fcndigung den Wind aus den Segeln zu nehmen. Meta-Chef Mark Zuckerberg stellte f\u00fcr den Herbst ein neues Modell seiner Quest-Brillen in Aussicht, das d\u00fcnner und leistungsst\u00e4rker als vorherige Generationen sein werde. Und w\u00e4hrend die erste Apple-Brille Medienberichten zufolge rund 3.000 Dollar kosten soll, wird die &#8220;Quest 3&#8221; im Deutschland im kommenden Herbst f\u00fcr 570 Euro zu haben sein.<\/p>\n\n\n\n<p class=\"wp-block-paragraph\">Zugleich hat Meta mit der Quest Pro auch ein teureres Ger\u00e4t f\u00fcr 1.200 Euro im Markt &#8211; und Konkurrent HTC positioniert sein Modell Vive XR Elite f\u00fcr 1.400 Euro auch als Mixed-Reality-Headset.<\/p>\n\n\n\n<p class=\"wp-block-paragraph\">Bei VR-Spielen wird Apple auch mit dem japanischen Elektronikriesen Sony im Wettbewerb stehen. Die im Februar 2023 von Sony pr\u00e4sentierte VR-Brille PSVR 2 kostet rund 600 Euro und muss mit einem Kabel an die Spielekonsole Playstation 5 angeschlossen werden, die nochmals mit 650 Euro zu Buche schl\u00e4gt.<\/p>\n\n\n\n<p class=\"wp-block-paragraph\">Auf der Entwicklerkonferenz WWDC von Apple d\u00fcrfte es aber nicht nur um die Datenbrille gehen, sondern auch um Macintosh-Computer. Der Konzern hatte zuletzt wie alle anderen PC-Hersteller Einbu\u00dfen in der Computersparte hinnehmen m\u00fcssen, weil nach dem Home-Office-Boom w\u00e4hrend der Corona-Pandemie der Markt ges\u00e4ttigt war. Nun sollen neue Mac-Modelle das Gesch\u00e4ft ankurbeln. Erwartet werden neue MacBooks aber auch neue Modelle der Profiger\u00e4te Mac Pro.<\/p>\n","protected":false},"excerpt":{"rendered":"<p>Auf Twitter k\u00fcndigte Apple f\u00fcr seine Entwicklerkonferenz WWDC eine &#8220;neue \u00c4ra&#8221; an. Dabei d\u00fcrfte es sich um den Einstieg des iPhone-Konzerns in den Bereich &#8220;Mixed Reality&#8221; mit einer Computer-Brille handeln. Die Fans von Apple warten seit fast zehn Jahren auf das sprichw\u00f6rtliche &#8220;One More Thing&#8221;, das n\u00e4chste gro\u00dfe Ding. Wenn sich die Ger\u00fcchte best\u00e4tigen, wird [&hellip;]<\/p>\n","protected":false},"author":1,"featured_media":0,"comment_status":"open","ping_status":"open","sticky":false,"template":"","format":"standard","meta":{"footnotes":""},"categories":[1],"tags":[],"class_list":["post-2796","post","type-post","status-publish","format-standard","hentry","category-uncategorized"],"_links":{"self":[{"href":"https:\/\/www.batteriewelt.com\/akkublog\/index.php?rest_route=\/wp\/v2\/posts\/2796","targetHints":{"allow":["GET"]}}],"collection":[{"href":"https:\/\/www.batteriewelt.com\/akkublog\/index.php?rest_route=\/wp\/v2\/posts"}],"about":[{"href":"https:\/\/www.batteriewelt.com\/akkublog\/index.php?rest_route=\/wp\/v2\/types\/post"}],"author":[{"embeddable":true,"href":"https:\/\/www.batteriewelt.com\/akkublog\/index.php?rest_route=\/wp\/v2\/users\/1"}],"replies":[{"embeddable":true,"href":"https:\/\/www.batteriewelt.com\/akkublog\/index.php?rest_route=%2Fwp%2Fv2%2Fcomments&post=2796"}],"version-history":[{"count":1,"href":"https:\/\/www.batteriewelt.com\/akkublog\/index.php?rest_route=\/wp\/v2\/posts\/2796\/revisions"}],"predecessor-version":[{"id":2797,"href":"https:\/\/www.batteriewelt.com\/akkublog\/index.php?rest_route=\/wp\/v2\/posts\/2796\/revisions\/2797"}],"wp:attachment":[{"href":"https:\/\/www.batteriewelt.com\/akkublog\/index.php?rest_route=%2Fwp%2Fv2%2Fmedia&parent=2796"}],"wp:term":[{"taxonomy":"category","embeddable":true,"href":"https:\/\/www.batteriewelt.com\/akkublog\/index.php?rest_route=%2Fwp%2Fv2%2Fcategories&post=2796"},{"taxonomy":"post_tag","embeddable":true,"href":"https:\/\/www.batteriewelt.com\/akkublog\/index.php?rest_route=%2Fwp%2Fv2%2Ftags&post=2796"}],"curies":[{"name":"wp","href":"https:\/\/api.w.org\/{rel}","templated":true}]}}