{"id":2794,"date":"2023-06-05T03:13:30","date_gmt":"2023-06-05T02:13:30","guid":{"rendered":"http:\/\/www.batteriewelt.com\/akkublog\/?p=2794"},"modified":"2023-06-05T03:13:30","modified_gmt":"2023-06-05T02:13:30","slug":"iphone-15-mit-design-anderung","status":"publish","type":"post","link":"https:\/\/www.batteriewelt.com\/akkublog\/?p=2794","title":{"rendered":"iPhone 15 mit Design-\u00c4nderung"},"content":{"rendered":"\n<p class=\"wp-block-paragraph\">Neuen Ger\u00fcchten zufolge n\u00e4hert sich das iPhone 15 optisch dem iPhone 14 Pro an.<\/p>\n\n\n\n<p class=\"wp-block-paragraph\">W\u00e4hrend es bei den Ger\u00fcchten ums iPhone 15 Pro hei\u00df hergeht &#8211; man streitet sich \u00fcber physische und kapazitive Tasten -, geht es bei denen ums normale iPhone 15 und das 15 Plus deutlich ruhiger zu.<\/p>\n\n\n\n<p class=\"wp-block-paragraph\">Auf der chinesischen Plattform Weibo wurden vergangene Woche Informationen geleakt (via Macrumors), denen zufolge das iPhone 15 und das iPhone 15 Plus auf der R\u00fcckseite ein mattes bzw. satiniertes Glas bekommen sollen. Damit w\u00fcrden sich die beiden Standardmodelle optisch an die Pro-Modelle des iPhone 14 ann\u00e4hern, deren R\u00fcckseiten bereits einen solchen Effekt besitzen.<\/p>\n\n\n\n<p class=\"wp-block-paragraph\">Die Quelle ist zwar anonym, hat zuvor aber bereits korrekt vorhergesagt, dass das iPhone 14 in Gelb erscheinen w\u00fcrde.<\/p>\n\n\n\n<p class=\"wp-block-paragraph\">iPhone-Produktionszyklus<br>\nIn den vergangenen Jahren hat sich der iPhone-Produktionszyklus dahin verschoben, dass interessante neue Design\u00e4nderungen erst in den Pro-Modellen erscheinen und mindestens ein Jahr sp\u00e4ter erst in den regul\u00e4ren Modellen. Wenn Sie also immer das Neueste vom Neuesten von Ihrem iPhone erwarten, kommen Sie nicht drumherum, den Aufpreis daf\u00fcr zu zahlen &#8211; beim iPhone 14 ist das ein Unterschied von mindestens 300 Euro.<\/p>\n\n\n\n<p class=\"wp-block-paragraph\">Die spannendste Neuerung am iPhone 14 Pro war die Dynamic Island, die Ger\u00fcchten zufolge nun auch bei den regul\u00e4ren Modellen des iPhone 15 Einzug halten soll; das matte Glas auf der R\u00fcckseite schl\u00e4gt in dieselbe Kerbe.<\/p>\n\n\n\n<p class=\"wp-block-paragraph\">Bei den Pro-Modellen hingegen sollen die Bildschirmr\u00e4nder schm\u00e4ler werden, die Kanten runder und die Kamera gr\u00f6\u00dfer, w\u00e4hrend der Edelstahl-Rahmen durch Titan ersetzt werden soll und die physischen Tasten an der Seite durch kapazitive mit Taptic Engine. Zusammengefasst soll es beim iPhone 15 Pro also haupts\u00e4chlich viele kleine \u00c4nderungen im Detail geben, aber kein deutlicher Unterschied zum Design der Modelle des Vorjahres. Was Sie bei der iPhone-15-Reihe konkret erwarten k\u00f6nnen, erfahren Sie in unserem ausf\u00fchrlichen Beitrag.<\/p>\n","protected":false},"excerpt":{"rendered":"<p>Neuen Ger\u00fcchten zufolge n\u00e4hert sich das iPhone 15 optisch dem iPhone 14 Pro an. W\u00e4hrend es bei den Ger\u00fcchten ums iPhone 15 Pro hei\u00df hergeht &#8211; man streitet sich \u00fcber physische und kapazitive Tasten -, geht es bei denen ums normale iPhone 15 und das 15 Plus deutlich ruhiger zu. Auf der chinesischen Plattform Weibo [&hellip;]<\/p>\n","protected":false},"author":1,"featured_media":0,"comment_status":"open","ping_status":"open","sticky":false,"template":"","format":"standard","meta":{"footnotes":""},"categories":[1],"tags":[],"class_list":["post-2794","post","type-post","status-publish","format-standard","hentry","category-uncategorized"],"_links":{"self":[{"href":"https:\/\/www.batteriewelt.com\/akkublog\/index.php?rest_route=\/wp\/v2\/posts\/2794","targetHints":{"allow":["GET"]}}],"collection":[{"href":"https:\/\/www.batteriewelt.com\/akkublog\/index.php?rest_route=\/wp\/v2\/posts"}],"about":[{"href":"https:\/\/www.batteriewelt.com\/akkublog\/index.php?rest_route=\/wp\/v2\/types\/post"}],"author":[{"embeddable":true,"href":"https:\/\/www.batteriewelt.com\/akkublog\/index.php?rest_route=\/wp\/v2\/users\/1"}],"replies":[{"embeddable":true,"href":"https:\/\/www.batteriewelt.com\/akkublog\/index.php?rest_route=%2Fwp%2Fv2%2Fcomments&post=2794"}],"version-history":[{"count":1,"href":"https:\/\/www.batteriewelt.com\/akkublog\/index.php?rest_route=\/wp\/v2\/posts\/2794\/revisions"}],"predecessor-version":[{"id":2795,"href":"https:\/\/www.batteriewelt.com\/akkublog\/index.php?rest_route=\/wp\/v2\/posts\/2794\/revisions\/2795"}],"wp:attachment":[{"href":"https:\/\/www.batteriewelt.com\/akkublog\/index.php?rest_route=%2Fwp%2Fv2%2Fmedia&parent=2794"}],"wp:term":[{"taxonomy":"category","embeddable":true,"href":"https:\/\/www.batteriewelt.com\/akkublog\/index.php?rest_route=%2Fwp%2Fv2%2Fcategories&post=2794"},{"taxonomy":"post_tag","embeddable":true,"href":"https:\/\/www.batteriewelt.com\/akkublog\/index.php?rest_route=%2Fwp%2Fv2%2Ftags&post=2794"}],"curies":[{"name":"wp","href":"https:\/\/api.w.org\/{rel}","templated":true}]}}