{"id":2790,"date":"2023-06-02T03:19:33","date_gmt":"2023-06-02T02:19:33","guid":{"rendered":"http:\/\/www.batteriewelt.com\/akkublog\/?p=2790"},"modified":"2023-06-02T03:19:33","modified_gmt":"2023-06-02T02:19:33","slug":"wwdc-2023-was-zeigt-apple-bei-seiner-keynote","status":"publish","type":"post","link":"https:\/\/www.batteriewelt.com\/akkublog\/?p=2790","title":{"rendered":"WWDC 2023: Was zeigt Apple bei seiner Keynote?"},"content":{"rendered":"\n<p class=\"wp-block-paragraph\">Wie jedes Jahr kochen die Ger\u00fcchte kurz vor Apples Keynote bei der Worldwide Developer Conference hoch. Womit der Tech-Gigant dieses Jahr neue Ma\u00dfst\u00e4be setzen k\u00f6nnte.<br>\nAllj\u00e4hrlich spekuliert die Technikbranche im Vorfeld von Apples Keynote auf der Worldwide Developer Conference, was der Konzern an Marktneuheiten in petto hat. Ganz wasserdicht ist Apple nicht, in den vergangenen Jahren, waren immer wieder Infos bereits vorab verf\u00fcgbar. Doch dem Konzern gelingt es auch Jahr f\u00fcr Jahr, sein Publikum zu \u00fcberraschen. Was der Ger\u00fcchtek\u00fcche zufolge, n\u00e4chste Woche auf uns zukommen k\u00f6nnte:<\/p>\n\n\n\n<p class=\"wp-block-paragraph\">Als sicher gilt, dass Apple zwei neue Betriebssysteme vorstellen wird: iOS 17 und watchOS 10 bilden k\u00fcnftig die Grundlage f\u00fcr neue Ger\u00e4te. Und von denen sollen ebenfalls einige pr\u00e4sentiert werden, zumindest erwartet das Branchen-Insider Mark Gurman von &#8220;Bloomberg&#8221; laut einem Tweet. Gleich mit einer ganzen Reihe neuer Macs sei zu rechnen, was die seit Monaten wogenden Ger\u00fcchte um ein 15-Zoll MacBook Air ebenso anheizt wie die um einen neuen iMac Pro.<\/p>\n\n\n\n<p class=\"wp-block-paragraph\">Welche Prozessoren dabei zum Einsatz kommen, ist ein bislang gut geh\u00fctetes Geheimnis. Allerdings ranken sich einige Spekulationen um die Pr\u00e4sentation eines neuen M3-Chips, mit dem eine neue Produktlinie einhergehen k\u00f6nnte. Dass Apple k\u00fcrzlich Ger\u00e4te mit M2-Chips in sein Umtauschprogramm aufgenommen hat, wird von einigen Beobachtern als Indiz gedeutet, dass es tats\u00e4chlich schon n\u00e4chste Woche soweit sein k\u00f6nnte und Apple seine neueste Chipgeneration vorstellt.<\/p>\n\n\n\n<p class=\"wp-block-paragraph\">AR und VR von Apple? 2023 k\u00f6nnte es endlich so weit sein<br>\nDer eigentliche Star, auf dessen Pr\u00e4sentation viele Expertinnen und Experten bei der WWDC23 setzen, ist ein Mixed-Reality-Headset. Apple arbeitet seit gut einem Jahrzehnt an einem Augmented- oder Virtual-Reality-Headset und die Ger\u00fcchte \u00fcber seine Pr\u00e4sentation kursieren immer wieder. Dieses Jahr soll es laut zahlreicher Ger\u00fcchte endlich soweit sein. Was genau Apple sich \u00fcberlegt hat, liegt zwar im Reich der Spekulationen, doch es gibt indirekte Hinweise darauf, dass der Konzern endlich einen Fu\u00df in die T\u00fcr der virtuellen Realit\u00e4ten bekommen m\u00f6chte.<\/p>\n\n\n\n<p class=\"wp-block-paragraph\">So hat Sean Murray, Mitgr\u00fcnder von Hello Games, die das Spiel &#8220;No Man&#8217;s Sky&#8221; produzieren, seit 29. Mai mehrere \u00c4pfel auf seinem Twitter-Feed gepostet. Beobachter der Szene interpretieren dies als Zeichen, dass Apple eine Kooperation mit dem 2016 erschienenen Weltall-Spiel eingehen k\u00f6nnte. Weil dieses von Anfang an auch in VR spielbar war, liegt nahe, dass Apples neues Headset tats\u00e4chlich kommende Woche pr\u00e4sentiert wird.<\/p>\n\n\n\n<p class=\"wp-block-paragraph\">Was ein AR-Headset von Apple kosten k\u00f6nnte und wo man die WWDC23 live sieht<br>\nBereits 2022 k\u00fcndigte Hello Games allerdings auch schon an, an einer Version f\u00fcr Mac und iPad zu arbeiten &#8211; wird also kommende Woche lediglich diese vorgestellt oder ist &#8220;No Man&#8217;s Sky&#8221; eines der ersten Spiele, das f\u00fcr ein Headset von Apple optimiert w\u00e4re? Weil Murray oder Hello Games sich in der letzten Woche nicht zu weiteren Infos hinrei\u00dfen lie\u00dfen, hei\u00dft es abwarten. Sollte Apple das Headset vorstellen, wird endlich auch mehr zum Preis des Ger\u00e4ts bekannt sein, der aktuell mit bis zu 3.000 Dollar kolportiert wird.<\/p>\n\n\n\n<p class=\"wp-block-paragraph\">Offiziell best\u00e4tigt hat Apple in einer Pressemitteilung bislang lediglich den Zeitplan der WWDC23. Um zehn Uhr vormittags Ortszeit geht es in Kalifornien los, das hei\u00dft in Deutschland k\u00f6nnen wir uns am Montag, den 5. Juni ab 19 Uhr dazuschalten. Interessierte k\u00f6nnen die Keynote live \u00fcber die offizielle Apple-Homepage sowie per AppleTV, auf YouTube und in der Entwickler-App von Apple verfolgen.<\/p>\n","protected":false},"excerpt":{"rendered":"<p>Wie jedes Jahr kochen die Ger\u00fcchte kurz vor Apples Keynote bei der Worldwide Developer Conference hoch. Womit der Tech-Gigant dieses Jahr neue Ma\u00dfst\u00e4be setzen k\u00f6nnte. Allj\u00e4hrlich spekuliert die Technikbranche im Vorfeld von Apples Keynote auf der Worldwide Developer Conference, was der Konzern an Marktneuheiten in petto hat. Ganz wasserdicht ist Apple nicht, in den vergangenen [&hellip;]<\/p>\n","protected":false},"author":1,"featured_media":0,"comment_status":"open","ping_status":"open","sticky":false,"template":"","format":"standard","meta":{"footnotes":""},"categories":[1],"tags":[],"class_list":["post-2790","post","type-post","status-publish","format-standard","hentry","category-uncategorized"],"_links":{"self":[{"href":"https:\/\/www.batteriewelt.com\/akkublog\/index.php?rest_route=\/wp\/v2\/posts\/2790","targetHints":{"allow":["GET"]}}],"collection":[{"href":"https:\/\/www.batteriewelt.com\/akkublog\/index.php?rest_route=\/wp\/v2\/posts"}],"about":[{"href":"https:\/\/www.batteriewelt.com\/akkublog\/index.php?rest_route=\/wp\/v2\/types\/post"}],"author":[{"embeddable":true,"href":"https:\/\/www.batteriewelt.com\/akkublog\/index.php?rest_route=\/wp\/v2\/users\/1"}],"replies":[{"embeddable":true,"href":"https:\/\/www.batteriewelt.com\/akkublog\/index.php?rest_route=%2Fwp%2Fv2%2Fcomments&post=2790"}],"version-history":[{"count":1,"href":"https:\/\/www.batteriewelt.com\/akkublog\/index.php?rest_route=\/wp\/v2\/posts\/2790\/revisions"}],"predecessor-version":[{"id":2791,"href":"https:\/\/www.batteriewelt.com\/akkublog\/index.php?rest_route=\/wp\/v2\/posts\/2790\/revisions\/2791"}],"wp:attachment":[{"href":"https:\/\/www.batteriewelt.com\/akkublog\/index.php?rest_route=%2Fwp%2Fv2%2Fmedia&parent=2790"}],"wp:term":[{"taxonomy":"category","embeddable":true,"href":"https:\/\/www.batteriewelt.com\/akkublog\/index.php?rest_route=%2Fwp%2Fv2%2Fcategories&post=2790"},{"taxonomy":"post_tag","embeddable":true,"href":"https:\/\/www.batteriewelt.com\/akkublog\/index.php?rest_route=%2Fwp%2Fv2%2Ftags&post=2790"}],"curies":[{"name":"wp","href":"https:\/\/api.w.org\/{rel}","templated":true}]}}