{"id":2771,"date":"2023-05-23T04:19:29","date_gmt":"2023-05-23T03:19:29","guid":{"rendered":"http:\/\/www.batteriewelt.com\/akkublog\/?p=2771"},"modified":"2023-05-23T04:19:29","modified_gmt":"2023-05-23T03:19:29","slug":"periskop-kamera-mit-6-fach-zoom","status":"publish","type":"post","link":"http:\/\/www.batteriewelt.com\/akkublog\/?p=2771","title":{"rendered":"Periskop-Kamera mit 6-fach-Zoom?"},"content":{"rendered":"\n<p class=\"wp-block-paragraph\">Wenige Monate vor der Vorstellung verdichten sich die Ger\u00fcchte um die Teleskop-Kamera im iPhone 15 Pro Max.<\/p>\n\n\n\n<p class=\"wp-block-paragraph\">Bereits seit geraumer Zeit wird spekuliert, dass Apple mit dem iPhone 15 seine Smartphone-Reihe weiter diversifizieren wird. W\u00e4hrend es bisher nennenswerte Unterschiede nur zwischen normalen und Pro-Modellen gegeben hat, soll k\u00fcnftig auch zwischen dem iPhone Pro und dem iPhone Pro Max eine deutliche L\u00fccke entstehen.<\/p>\n\n\n\n<p class=\"wp-block-paragraph\">In erster Linie soll das die Kamera betreffen, diese soll n\u00e4mlich im iPhone 15 Pro Max noch ein Periskop-Objektiv erhalten. Erste Ger\u00fcchte zu den Pl\u00e4nen kursierten bereits Anfang 2021, dann wiederholte Ming-Chi Kuo sie im Sommer 2022 und zuletzt im M\u00e4rz dieses Jahres.<\/p>\n\n\n\n<p class=\"wp-block-paragraph\">Auf Twitter will nun der User @URedditor, der bereits in der Vergangenheit eine solide Quelle f\u00fcr Informationen gewesen ist, diese Ger\u00fcchte best\u00e4tigen, und zwar aus unabh\u00e4ngiger Quelle. Zum Zoom-Faktor, den Ming-Chi Kuo mit 5-6x beziffert, \u00e4u\u00dfert er sich jedoch nicht.<\/p>\n\n\n\n<p class=\"wp-block-paragraph\">Da dieses Ger\u00fccht inzwischen immer wieder aus verschiedenen Quellen an die \u00d6ffentlichkeit dringt, halten wir es f\u00fcr sehr wahrscheinlich, dass es sich im September bewahrheitet, wenn Apple das iPhone 15 offiziell vorstellt.<\/p>\n\n\n\n<p class=\"wp-block-paragraph\">Dass Apple die Periskop-Kamera nur dem iPhone 15 Pro Max spendieren will, ist \u00e4rgerlich, aber in der Branche nicht un\u00fcblich: Die Konstruktion ben\u00f6tigt deutlich mehr Platz als ein gew\u00f6hnliches Smartphone-Kamera-Objektiv, weshalb die Kamera auch bei der Konkurrenz bisher nur in den gr\u00f6\u00dften Modellen vorkommt. Samsung steckt sie beispielsweise bereits seit drei Jahren nur in die Ultra-Variante des Galaxy S21\/S22\/S23, die kleineren Ger\u00e4te m\u00fcssen auch dort ohne auskommen. Dass dadurch ein Anreiz entsteht, zur teuersten Ausf\u00fchrung zu greifen, ist nat\u00fcrlich ein positiver Nebeneffekt f\u00fcr Unternehmensbilanz.<\/p>\n","protected":false},"excerpt":{"rendered":"<p>Wenige Monate vor der Vorstellung verdichten sich die Ger\u00fcchte um die Teleskop-Kamera im iPhone 15 Pro Max. Bereits seit geraumer Zeit wird spekuliert, dass Apple mit dem iPhone 15 seine Smartphone-Reihe weiter diversifizieren wird. W\u00e4hrend es bisher nennenswerte Unterschiede nur zwischen normalen und Pro-Modellen gegeben hat, soll k\u00fcnftig auch zwischen dem iPhone Pro und dem [&hellip;]<\/p>\n","protected":false},"author":1,"featured_media":0,"comment_status":"open","ping_status":"open","sticky":false,"template":"","format":"standard","meta":{"footnotes":""},"categories":[1],"tags":[],"class_list":["post-2771","post","type-post","status-publish","format-standard","hentry","category-uncategorized"],"_links":{"self":[{"href":"http:\/\/www.batteriewelt.com\/akkublog\/index.php?rest_route=\/wp\/v2\/posts\/2771","targetHints":{"allow":["GET"]}}],"collection":[{"href":"http:\/\/www.batteriewelt.com\/akkublog\/index.php?rest_route=\/wp\/v2\/posts"}],"about":[{"href":"http:\/\/www.batteriewelt.com\/akkublog\/index.php?rest_route=\/wp\/v2\/types\/post"}],"author":[{"embeddable":true,"href":"http:\/\/www.batteriewelt.com\/akkublog\/index.php?rest_route=\/wp\/v2\/users\/1"}],"replies":[{"embeddable":true,"href":"http:\/\/www.batteriewelt.com\/akkublog\/index.php?rest_route=%2Fwp%2Fv2%2Fcomments&post=2771"}],"version-history":[{"count":1,"href":"http:\/\/www.batteriewelt.com\/akkublog\/index.php?rest_route=\/wp\/v2\/posts\/2771\/revisions"}],"predecessor-version":[{"id":2772,"href":"http:\/\/www.batteriewelt.com\/akkublog\/index.php?rest_route=\/wp\/v2\/posts\/2771\/revisions\/2772"}],"wp:attachment":[{"href":"http:\/\/www.batteriewelt.com\/akkublog\/index.php?rest_route=%2Fwp%2Fv2%2Fmedia&parent=2771"}],"wp:term":[{"taxonomy":"category","embeddable":true,"href":"http:\/\/www.batteriewelt.com\/akkublog\/index.php?rest_route=%2Fwp%2Fv2%2Fcategories&post=2771"},{"taxonomy":"post_tag","embeddable":true,"href":"http:\/\/www.batteriewelt.com\/akkublog\/index.php?rest_route=%2Fwp%2Fv2%2Ftags&post=2771"}],"curies":[{"name":"wp","href":"https:\/\/api.w.org\/{rel}","templated":true}]}}