{"id":2765,"date":"2023-05-19T03:44:04","date_gmt":"2023-05-19T02:44:04","guid":{"rendered":"http:\/\/www.batteriewelt.com\/akkublog\/?p=2765"},"modified":"2023-05-19T03:44:04","modified_gmt":"2023-05-19T02:44:04","slug":"final-cut-und-logic-kommen-endlich-auf-das-ipad","status":"publish","type":"post","link":"https:\/\/www.batteriewelt.com\/akkublog\/?p=2765","title":{"rendered":"Final Cut und Logic kommen endlich auf das iPad"},"content":{"rendered":"\n<p class=\"wp-block-paragraph\">Apple hat angek\u00fcndigt, in zwei Wochen seine Profi-Software wie Final Cut Pro und Logic Pro auf das iPad zu bringen.<\/p>\n\n\n\n<p class=\"wp-block-paragraph\">Die beiden Profi-Apps f\u00fcr Videografen und Musiker stehen in zwei Wochen auch f\u00fcr das iPad zur Verf\u00fcgung. Final Cut Pro und Logic Pro kann man sich im App Store auf dem iPad ab dem 23. Mai 2023 herunterladen, der Hersteller gew\u00e4hrt einen kostenlosen Zeitraum von einem Monat, danach muss man die beiden Apps abonnieren.<\/p>\n\n\n\n<p class=\"wp-block-paragraph\">Denn anders als bei den Mac-Pendants sind die iPad-Apps im Monats- oder Jahres-Abo verf\u00fcgbar. Der Preis ist jedoch recht fair: F\u00fcr Final Cut Pro und Logic Pro verlangt Apple entweder 4,99 Euro pro Monat oder 49 Euro pro Jahr. Zum Vergleich: Auf dem Mac kostet Logic Pro 199 Euro, Final Cut Pro gleich 349,99 Euro.<\/p>\n\n\n\n<p class=\"wp-block-paragraph\">Final Cut Pro f\u00fcr iPad &#8211; die Details<br>\nFinal Cut Pro ist f\u00fcr die iPads mit M1 und neuer verf\u00fcgbar. Das bedeutet keine Begrenzung nur f\u00fcr Pro-Modelle, denn auch das iPad Air der f\u00fcnften Generation, vorgestellt im M\u00e4rz 2022, hat einen M1 eingebaut bekommen. Erwartungsgem\u00e4\u00df unterst\u00fctzt Final Cut Pro f\u00fcr iPadOS das Magic Keyboard und entsprechende Shortcuts sowie den Apple Pencil. Mit ive Drawing sind handschriftliche Untertitel und Grafiken m\u00f6glich, die App unterst\u00fctzt auch die Howering-Funktion des Apple Pencil, indem man den Bildschirm bedient, ohne ihn zu ber\u00fchren.<\/p>\n\n\n\n<p class=\"wp-block-paragraph\">Mit Final Cut Pro auf dem iPad kann man iMovie-Projekte importieren, genauso m\u00f6glich ist der Export in die entsprechende App auf dem Mac. Apropos Mac: Mit der mobilen Version f\u00fcr iPad hat Apple die Einstiegsh\u00fcrde f\u00fcr angehende Profis gesenkt. Das iPad Air der 5. Generation kann man mittlerweile f\u00fcr 659 Euro kaufen, das App-Abo kostet weniger als ein Abo f\u00fcr das Apple TV+! Der gr\u00f6\u00dfte Konkurrent in dem Bereich, Adobes Premiere Pro gibt es \u00fcbrigens bisher nur f\u00fcr macOS und nicht f\u00fcr iPadOS, hier hat sich Apple einen Vorsprung verschafft.<\/p>\n\n\n\n<p class=\"wp-block-paragraph\">Logic Pro f\u00fcr iPad &#8211; Die Details<br>\nAuch Musiker, DJs und weitere Audio-Kreative k\u00f6nnen sich freuen: Logic Pro wird ab dem 23. Mai ebenfalls f\u00fcr das iPad zur Verf\u00fcgung gestellt. Der Preis ist gleich wie bei Final Cut Pro &#8211; 4,99 Euro pro Monat oder 49 Euro pro Jahr. Die Anforderungen an die Hardware sind noch niedriger als bei der Video-Software, selbst iPads mit A12 Bionic werden unterst\u00fctzt. Das ind alle iPads Pro ab dem Jahr 2018, iPad Air 3, iPad Mini 4 und iPad 8 und neuer!<\/p>\n\n\n\n<p class=\"wp-block-paragraph\">Neben den \u00fcblichen Features wie professionelle Instrumente, Mixer und Live-Loops verspricht Apple auch Unterst\u00fctzung f\u00fcr Profi-Hardware. MIDI-Interfaces und Controller von Apogee, Focusrite, Novation, Universal Audio werden unterst\u00fctzt. Nach Wunsch funktioniert Logic Pro mit Magic Keyboard und Apple Pencil.<\/p>\n\n\n\n<p class=\"wp-block-paragraph\">Interessanterweise kursierten erst vor zwei Wochen Ger\u00fcchte zu den Profi-Apps von Apple auf dem iPad: Der Leaker Analyst941 hat diese verbreitet. Allerdings hat der Leaker beteuert, Final Cut Pro k\u00e4me nicht vor 2024, also mit iPadOS 17 und Logic Pro nicht vor 2025. Manchmal ist Apple weiter, als die Leaker es sich vorstellen k\u00f6nnen. <\/p>\n","protected":false},"excerpt":{"rendered":"<p>Apple hat angek\u00fcndigt, in zwei Wochen seine Profi-Software wie Final Cut Pro und Logic Pro auf das iPad zu bringen. Die beiden Profi-Apps f\u00fcr Videografen und Musiker stehen in zwei Wochen auch f\u00fcr das iPad zur Verf\u00fcgung. Final Cut Pro und Logic Pro kann man sich im App Store auf dem iPad ab dem 23. [&hellip;]<\/p>\n","protected":false},"author":1,"featured_media":0,"comment_status":"open","ping_status":"open","sticky":false,"template":"","format":"standard","meta":{"footnotes":""},"categories":[1],"tags":[],"class_list":["post-2765","post","type-post","status-publish","format-standard","hentry","category-uncategorized"],"_links":{"self":[{"href":"https:\/\/www.batteriewelt.com\/akkublog\/index.php?rest_route=\/wp\/v2\/posts\/2765","targetHints":{"allow":["GET"]}}],"collection":[{"href":"https:\/\/www.batteriewelt.com\/akkublog\/index.php?rest_route=\/wp\/v2\/posts"}],"about":[{"href":"https:\/\/www.batteriewelt.com\/akkublog\/index.php?rest_route=\/wp\/v2\/types\/post"}],"author":[{"embeddable":true,"href":"https:\/\/www.batteriewelt.com\/akkublog\/index.php?rest_route=\/wp\/v2\/users\/1"}],"replies":[{"embeddable":true,"href":"https:\/\/www.batteriewelt.com\/akkublog\/index.php?rest_route=%2Fwp%2Fv2%2Fcomments&post=2765"}],"version-history":[{"count":1,"href":"https:\/\/www.batteriewelt.com\/akkublog\/index.php?rest_route=\/wp\/v2\/posts\/2765\/revisions"}],"predecessor-version":[{"id":2766,"href":"https:\/\/www.batteriewelt.com\/akkublog\/index.php?rest_route=\/wp\/v2\/posts\/2765\/revisions\/2766"}],"wp:attachment":[{"href":"https:\/\/www.batteriewelt.com\/akkublog\/index.php?rest_route=%2Fwp%2Fv2%2Fmedia&parent=2765"}],"wp:term":[{"taxonomy":"category","embeddable":true,"href":"https:\/\/www.batteriewelt.com\/akkublog\/index.php?rest_route=%2Fwp%2Fv2%2Fcategories&post=2765"},{"taxonomy":"post_tag","embeddable":true,"href":"https:\/\/www.batteriewelt.com\/akkublog\/index.php?rest_route=%2Fwp%2Fv2%2Ftags&post=2765"}],"curies":[{"name":"wp","href":"https:\/\/api.w.org\/{rel}","templated":true}]}}