{"id":2655,"date":"2023-03-15T04:35:14","date_gmt":"2023-03-15T03:35:14","guid":{"rendered":"http:\/\/www.batteriewelt.com\/akkublog\/?p=2655"},"modified":"2023-03-15T04:35:14","modified_gmt":"2023-03-15T03:35:14","slug":"iphone-14-plus-nun-auch-in-gelb-2","status":"publish","type":"post","link":"http:\/\/www.batteriewelt.com\/akkublog\/?p=2655","title":{"rendered":"iPhone 14 (Plus) nun auch in Gelb"},"content":{"rendered":"\n<p class=\"wp-block-paragraph\">Die Ger\u00fcchte haben sich als wahr erwiesen, Apple hat gerade eben eine neue Farbe f\u00fcr das iPhone 14 vorgestellt.<\/p>\n\n\n\n<p class=\"wp-block-paragraph\">Wie erwartet, hat Apple in seinem Newsroom bekannt gegeben, dass neben den f\u00fcnf \u00fcblichen Farbvarianten des iPhone 14 und iPhone 14 Plus eine neue Farbe dazu kommt &#8211; ein recht helles Gelb. Das gelbe iPhone kann man ab Freitag, den 10. M\u00e4rz vorbestellen. Ausgeliefert werden die Ger\u00e4te eine Woche drauf &#8211; am 14. M\u00e4rz.<\/p>\n\n\n\n<p class=\"wp-block-paragraph\">Ansonsten hat sich beim iPhone nichts ge\u00e4ndert: Die Preise bleiben gleich bei 999 respektive 1149 Euro. Apple hat dem neuen iPhone den gleichen A15-Prozessor spendiert, der bereits in den Farbvarianten aus dem September 2022 arbeitet. Auch die Kamera ist die gleiche geblieben.<\/p>\n\n\n\n<p class=\"wp-block-paragraph\">Frische Farben im Fr\u00fchling<br>\nApple pflegt seit dem iPhone 12 die Tradition, im Fr\u00fchling eine neue Farbvariante vorzustellen. Am 20. April 2020 kamen das iPhone 12 und iPhone 12 Mini in Lila auf den Markt, genauso wie beim iPhone 14 hat der Hersteller nur eine neue Farbe gebracht, an der Technologie und an dem Preis hat sich nichts ge\u00e4ndert. Ein Jahr sp\u00e4ter, am 8. M\u00e4rz 2022, hat Apple die gr\u00fcnen iPhones vorgestellt. Allerdings war die Auswahl der Modelle etwas anders: Das iPhone 13 und das iPhone 13 Mini sind vor einem Jahr auf er Keynote &#8220;Peek Performance&#8221; in einem dunklen Gr\u00fcn angek\u00fcndigt worden, der etwas hellere Farbton Alpingr\u00fcn war f\u00fcr das iPhone 13 Pro &#8211; das iPhone 13 Pro Max musste bei den bew\u00e4hrten Varianten bleiben.<\/p>\n\n\n\n<p class=\"wp-block-paragraph\">\u00c4hnlich wie beim iPhone 12 hat Apple gleichzeitig im Apple Store auch neue H\u00fcllen ver\u00f6ffentlicht. Unter den Silikonh\u00fcllen sind folgende Farben neu: Kanariengelb, Oliv, Himmel, Iris. Bei den Lederh\u00fcllen haben wir keine neuen Farben entdeckt. Genauso wie die iPhones sind neue Silikonh\u00fcllen erst ab dem 10. M\u00e4rz verf\u00fcgbar, bestellbar sind sie ab sofort.<\/p>\n\n\n\n<p class=\"wp-block-paragraph\">Nebenbei sind auch neue Armb\u00e4nder f\u00fcr die Apple Watch im App Store ver\u00f6ffentlicht. Die Farben passen sich denen von den Silikonh\u00fcllen an: Oliv und Himmel, anders als bei den H\u00fcllen gibt es noch Hellorange. Iris und Kanariengelb fehlen jedoch. Die Armb\u00e4nder kann man nach Wunsch schon heute in einem der Apple Stores vor Ort abholen oder sich ab dem 9. M\u00e4rz zustellen lassen. <\/p>\n","protected":false},"excerpt":{"rendered":"<p>Die Ger\u00fcchte haben sich als wahr erwiesen, Apple hat gerade eben eine neue Farbe f\u00fcr das iPhone 14 vorgestellt. Wie erwartet, hat Apple in seinem Newsroom bekannt gegeben, dass neben den f\u00fcnf \u00fcblichen Farbvarianten des iPhone 14 und iPhone 14 Plus eine neue Farbe dazu kommt &#8211; ein recht helles Gelb. Das gelbe iPhone kann [&hellip;]<\/p>\n","protected":false},"author":1,"featured_media":0,"comment_status":"open","ping_status":"open","sticky":false,"template":"","format":"standard","meta":{"footnotes":""},"categories":[1],"tags":[],"class_list":["post-2655","post","type-post","status-publish","format-standard","hentry","category-uncategorized"],"_links":{"self":[{"href":"http:\/\/www.batteriewelt.com\/akkublog\/index.php?rest_route=\/wp\/v2\/posts\/2655","targetHints":{"allow":["GET"]}}],"collection":[{"href":"http:\/\/www.batteriewelt.com\/akkublog\/index.php?rest_route=\/wp\/v2\/posts"}],"about":[{"href":"http:\/\/www.batteriewelt.com\/akkublog\/index.php?rest_route=\/wp\/v2\/types\/post"}],"author":[{"embeddable":true,"href":"http:\/\/www.batteriewelt.com\/akkublog\/index.php?rest_route=\/wp\/v2\/users\/1"}],"replies":[{"embeddable":true,"href":"http:\/\/www.batteriewelt.com\/akkublog\/index.php?rest_route=%2Fwp%2Fv2%2Fcomments&post=2655"}],"version-history":[{"count":1,"href":"http:\/\/www.batteriewelt.com\/akkublog\/index.php?rest_route=\/wp\/v2\/posts\/2655\/revisions"}],"predecessor-version":[{"id":2656,"href":"http:\/\/www.batteriewelt.com\/akkublog\/index.php?rest_route=\/wp\/v2\/posts\/2655\/revisions\/2656"}],"wp:attachment":[{"href":"http:\/\/www.batteriewelt.com\/akkublog\/index.php?rest_route=%2Fwp%2Fv2%2Fmedia&parent=2655"}],"wp:term":[{"taxonomy":"category","embeddable":true,"href":"http:\/\/www.batteriewelt.com\/akkublog\/index.php?rest_route=%2Fwp%2Fv2%2Fcategories&post=2655"},{"taxonomy":"post_tag","embeddable":true,"href":"http:\/\/www.batteriewelt.com\/akkublog\/index.php?rest_route=%2Fwp%2Fv2%2Ftags&post=2655"}],"curies":[{"name":"wp","href":"https:\/\/api.w.org\/{rel}","templated":true}]}}