{"id":2613,"date":"2023-02-17T02:44:31","date_gmt":"2023-02-17T01:44:31","guid":{"rendered":"http:\/\/www.batteriewelt.com\/akkublog\/?p=2613"},"modified":"2023-02-17T02:44:31","modified_gmt":"2023-02-17T01:44:31","slug":"warum-das-iphone-14-doch-ein-bisschen-revolutionar-ist","status":"publish","type":"post","link":"http:\/\/www.batteriewelt.com\/akkublog\/?p=2613","title":{"rendered":"Warum das iPhone 14 doch ein bisschen revolution\u00e4r ist"},"content":{"rendered":"\n<p class=\"wp-block-paragraph\">Fast alle wollen das iPhone 14 Pro, weil das regul\u00e4re 14er ja nur ein langweiliges Update ist \u2013 Apple tritt denn entgegen.<\/p>\n\n\n\n<p class=\"wp-block-paragraph\">An den Lieferzeiten des iPhone 14 Pro gegen\u00fcber dem des iPhone 14 hatte man deutlich gesehen, dass die meisten Kunden lieber ein paar Dollar, Pfund und Euro mehr ausgaben &#8211; das iPhone 14 sieht von au\u00dfen auch fast genau so aus wie das iPhone 13. Insbesondere die Unterschiede der Kamera sind marginal.<\/p>\n\n\n\n<p class=\"wp-block-paragraph\">Gegen\u00fcber dem Sydney Morning Herald versucht nun Apples Senior Director of iPhone Design, Richard Dinh, dem Eindruck entgegen zu wirken, das 14er w\u00e4re langweilig und br\u00e4chte nur ein paar bereits bei fr\u00fcheren Pro-Modellen bew\u00e4hrte Technologien, wie im Jahr 2022 den A15-Prozessor mit mehr Kernen.<\/p>\n\n\n\n<p class=\"wp-block-paragraph\">Die Pro-Reihe sei zwar &#8220;fantastisch&#8221;, man m\u00fcsse sich bei der Entwicklung der regul\u00e4ren iPhones aber nicht nur daran orientieren, sondern setze eigene Schwerpunkte.<\/p>\n\n\n\n<p class=\"wp-block-paragraph\">Wie sich das 14er von seinen Vorg\u00e4ngern unterscheidet<br>\nWas bisher nicht oder nur kaum bekannt war: Apple hat beim iPhone 14 den Innenraum kr\u00e4ftig umgestaltet, was zu einer Gewichtsreduktion f\u00fchrt und zu niedrigeren Kosten bei der Reparatur.<\/p>\n\n\n\n<p class=\"wp-block-paragraph\">Dinh f\u00fchrt das im Detail aus: &#8220;Seit dem iPhone 5 verwenden wir ein einzelnes Geh\u00e4use, das sogenannte Bucket-Design, und seit dem iPhone 8, mit der Einf\u00fchrung des kabellosen Aufladens, haben wir das hintere Glas hinzugef\u00fcgt, das fest mit dem Aluminiumgeh\u00e4use verbunden ist. Das bedeutete, dass bei Reparaturen an diesen internen Komponenten zuerst das Display und m\u00f6glicherweise auch andere Teile entfernt werden mussten, um an die internen Komponenten zu gelangen, insbesondere an die, die sich auf der R\u00fcckseite befinden.&#8221;<\/p>\n\n\n\n<p class=\"wp-block-paragraph\">Jetzt aber sei das iPhone 14 um eine zentrale Struktur aus Aluminium herum gebaut, das zum einen f\u00fcr eine bessere W\u00e4rmeabfuhr erm\u00f6gliche und zum anderen von beiden Seiten an etwaige defekte Komponenten herankommen lasse.<\/p>\n\n\n\n<p class=\"wp-block-paragraph\">Man schaffe zudem mehr Platz, gegen\u00fcber dem iPhone 13 Pro Max sei das iPhone 14 Plus etwa auch 40 Gramm leichter geworden, obwohl man ein gr\u00f6\u00dferes Kameramodul eingebaut habe, das eine bessere Lichtausbeute bringe. So habe auch die Frontkamera einen Auto-Fokus bekommen k\u00f6nnen. <\/p>\n","protected":false},"excerpt":{"rendered":"<p>Fast alle wollen das iPhone 14 Pro, weil das regul\u00e4re 14er ja nur ein langweiliges Update ist \u2013 Apple tritt denn entgegen. An den Lieferzeiten des iPhone 14 Pro gegen\u00fcber dem des iPhone 14 hatte man deutlich gesehen, dass die meisten Kunden lieber ein paar Dollar, Pfund und Euro mehr ausgaben &#8211; das iPhone 14 [&hellip;]<\/p>\n","protected":false},"author":1,"featured_media":0,"comment_status":"open","ping_status":"open","sticky":false,"template":"","format":"standard","meta":{"footnotes":""},"categories":[1],"tags":[],"class_list":["post-2613","post","type-post","status-publish","format-standard","hentry","category-uncategorized"],"_links":{"self":[{"href":"http:\/\/www.batteriewelt.com\/akkublog\/index.php?rest_route=\/wp\/v2\/posts\/2613","targetHints":{"allow":["GET"]}}],"collection":[{"href":"http:\/\/www.batteriewelt.com\/akkublog\/index.php?rest_route=\/wp\/v2\/posts"}],"about":[{"href":"http:\/\/www.batteriewelt.com\/akkublog\/index.php?rest_route=\/wp\/v2\/types\/post"}],"author":[{"embeddable":true,"href":"http:\/\/www.batteriewelt.com\/akkublog\/index.php?rest_route=\/wp\/v2\/users\/1"}],"replies":[{"embeddable":true,"href":"http:\/\/www.batteriewelt.com\/akkublog\/index.php?rest_route=%2Fwp%2Fv2%2Fcomments&post=2613"}],"version-history":[{"count":1,"href":"http:\/\/www.batteriewelt.com\/akkublog\/index.php?rest_route=\/wp\/v2\/posts\/2613\/revisions"}],"predecessor-version":[{"id":2614,"href":"http:\/\/www.batteriewelt.com\/akkublog\/index.php?rest_route=\/wp\/v2\/posts\/2613\/revisions\/2614"}],"wp:attachment":[{"href":"http:\/\/www.batteriewelt.com\/akkublog\/index.php?rest_route=%2Fwp%2Fv2%2Fmedia&parent=2613"}],"wp:term":[{"taxonomy":"category","embeddable":true,"href":"http:\/\/www.batteriewelt.com\/akkublog\/index.php?rest_route=%2Fwp%2Fv2%2Fcategories&post=2613"},{"taxonomy":"post_tag","embeddable":true,"href":"http:\/\/www.batteriewelt.com\/akkublog\/index.php?rest_route=%2Fwp%2Fv2%2Ftags&post=2613"}],"curies":[{"name":"wp","href":"https:\/\/api.w.org\/{rel}","templated":true}]}}