{"id":2590,"date":"2023-02-06T04:45:10","date_gmt":"2023-02-06T03:45:10","guid":{"rendered":"http:\/\/www.batteriewelt.com\/akkublog\/?p=2590"},"modified":"2023-02-06T04:45:10","modified_gmt":"2023-02-06T03:45:10","slug":"macbook-pro-2023-vs-macbook-pro-2021","status":"publish","type":"post","link":"http:\/\/www.batteriewelt.com\/akkublog\/?p=2590","title":{"rendered":"Macbook Pro (2023) vs. Macbook Pro (2021)"},"content":{"rendered":"\n<p class=\"wp-block-paragraph\">Das Macbook Pro M2 Pro\/Max unterscheidet sich \u00e4u\u00dferlich nicht vom Vorg\u00e4nger, Apples Angaben zur Performancesteigerung harren der \u00dcberpr\u00fcfung. Was die Macbooks Pro von 2023 von ihren Vorg\u00e4ngern im Detail unterscheidet.<\/p>\n\n\n\n<p class=\"wp-block-paragraph\">Im Oktober 2021 legte Apple mit den Macbooks Pro M1 Pro und Max die ersten Profi-Rechner mit seinen eigenen Chips auf, im Januar 2023 kommen die Nachfolger der zweiten Generation. Was unterscheidet die neuen Macbooks Pro M2 Pro\/Max aber von ihren Vorg\u00e4ngern, k\u00f6nnte sich gar ein Upgrade von diesen aus lohnen?<\/p>\n\n\n\n<p class=\"wp-block-paragraph\">Farbe, Gr\u00f6\u00dfe, Form<br>\nAuf den ersten Blick sind die Macbooks Pro 14\/16 der Jahrg\u00e4nge 2021 und 2023 nicht zu unterscheiden. Die \u00e4u\u00dferen Ma\u00dfe bleiben gleich (siehe Details in den Tabellen), auch die Farben, die sich seit 2016 nicht mehr ge\u00e4ndert haben: Space Grau und Silber. Auch wenn man auf den Bildschirm blickt, wird man die gleiche Notch sehen, die Apple im Herbst 2021 auf das Macbook Pro brachte.<\/p>\n\n\n\n<p class=\"wp-block-paragraph\">Die \u00e4u\u00dferliche Unver\u00e4nderlichkeit \u00fcber Jahre hinweg bei verbesserten Komponenten hat bei Apple Tradition. Die letzten Macbooks Pro mit Intel-Chip, die Apple im Herbst 2016 herausbrachte, blieben bis auf Details mit der Touchbar optisch unver\u00e4ndert, das aktuelle Macbook Pro M2 13 Zoll hat noch das Design aus dieser \u00c4ra.<\/p>\n\n\n\n<p class=\"wp-block-paragraph\">Neues beim Prozessor, l\u00e4ngere Laufzeiten<br>\nHatte Apple in der Intel-\u00c4ra immer wieder auf wesentliche Neuerungen der Core-Chips warten m\u00fcssen, hat es die Weiterentwicklung jetzt weitgehend selbst in der Hand. Die ersten Apple-Silicon-Chips f\u00fcr den Mac, die M1-Familie, baute im Wesentlichen auf den A14-Prozessor des iPhone auf. Die M2-Reihe setzt wie der A15 und der A16 auf verbesserte 5-nm-Prozesser von TSMC, die eine messbare, im Alltag aber kaum merkbare Leistungssteigerung bringen &#8211; aber auch mehr Effizienz.<\/p>\n\n\n\n<p class=\"wp-block-paragraph\">Diese bemerkt man an den Akku-Laufzeiten, Apple gibt nun maximal 18 Stunden f\u00fcr das Macbook Pro 14 Zoll an, eine Stunde mehr als bisher, der gr\u00f6\u00dfere Akku des 16-Z\u00f6llers soll gar bis zu 22 Stunden durchhalten, so lange wie noch nie ein mobiler Mac. Mehr Details werden wir erst in unseren Tests ermitteln k\u00f6nnen.<\/p>\n\n\n\n<p class=\"wp-block-paragraph\">WLAN und Bluetooth werden schneller<br>\nDie tats\u00e4chlichen Akkulaufzeiten h\u00e4ngen nat\u00fcrlich vom jeweiligen Einsatzszenario ab, mit der Zeit wird der Akku auch schw\u00e4cher werden, das liegt in der Natur der Dinge. Doch gegen\u00fcber den Macbooks Pro mit Intel-Chips sind die Laufzeiten deutlich h\u00f6her geworden, schon mit der Generation M1. Was dem Akku auch zugutekommt: Man muss bei rechenintensiven Aufgaben das Macbook Pro nicht mehr mit Netzteil betreiben, um die volle Leistung zu erhalten, im Batteriebetrieb drosseln Apples Chips nicht &#8211; weder die M1- noch die M2-Familie.<\/p>\n\n\n\n<p class=\"wp-block-paragraph\">Apples Chips sind aber nicht die einzigen im Macbook Pro, insbesondere bei den drahtlosen Schnittstellen ist Cupertino noch auf Zulieferer angewiesen. Die von Broadcom bezogenen Komponenten leiten eine neue \u00c4ra ein, denn sie unterst\u00fctzen Bluetooth 5.3 und WiFi 6E. Damit sollen sie im WLAN doppelt so hohe Datendurchs\u00e4tze erreichen. Aber nur, wenn auch der Router den neuen Standard beherrscht. In Deutschland lauert das Nadel\u00f6hr ohnehin dahinter: die Leitung des Telekommunikationsanbieters.<\/p>\n\n\n\n<p class=\"wp-block-paragraph\">Viele schnelle Schnittstellen<br>\nBei den Anschl\u00fcssen hat sich ansonsten gegen\u00fcber den Vorg\u00e4ngermodellen nichts ge\u00e4ndert, hier hatte Apple schon zur Modellreihe von 2021 seine Hausaufgaben gemacht und sich von der Idee gel\u00f6st, nur noch Thunderbolt \/ USB-C anzubieten. Thunderbolt-4-Buchsen sind immer noch dabei, drei St\u00fcck, dazu HDMI, einen Slot f\u00fcr SDXC-Cards, einen Kopfh\u00f6reranschluss und f\u00fcr den Strom ein Magsafeport, so reichen drei Thunderbolt-4-Buchsen auch v\u00f6llig aus.<\/p>\n\n\n\n<p class=\"wp-block-paragraph\">Netzteile sind beim Macbook Pro M2 Pro zwei unterschiedliche dabei, das Basismodell kommt mit einem 67-Watt-Charger, 96 Watt sind beim besseren M2 Pro und dem M2 Max dabei. Die 16-Z\u00f6ller bekommen alle ein 140-Watt-Netzteil &#8211; der Akku ist schlie\u00dflich gr\u00f6\u00dfer.<\/p>\n\n\n\n<p class=\"wp-block-paragraph\">Der Preis ist hei\u00df<br>\nDie gute Nachricht: Apple hat die Preise in US-Dollar nicht erh\u00f6ht. Die schlechte Nachricht: Der ung\u00fcnstige Wechselkurs f\u00fchrt zu signifikanten Preissteigerungen in Deutschland. Dabei legt das Einstiegsmodell mit 150 Euro gegen\u00fcber dem Vorg\u00e4nger noch am wenigsten zu, bei den Spitzenmodellen legt man bis zu 250 Euro mehr hin, als es noch bis Ende letzter Woche der Fall gewesen w\u00e4re.<\/p>\n\n\n\n<p class=\"wp-block-paragraph\">Erscheinen Preise von 2.399 Euro und mehr f\u00fcr Laptops dieser Ausstattung und Qualit\u00e4t noch als angemessen, stutzt man bei den Aufpreisen f\u00fcr den Arbeitsspeicher und die SSD dann doch. F\u00fcr jeden Schritt mehr an Arbeitsspeicher (von 16 GB auf 32 GB auf 64 GB auf 96 GB) zahlt man jeweils 460 Euro Aufpreis, SSDs werden noch teurer: 460, 1.150 und 2.530 Euro f\u00fcr 2, 4 und 8 TB. Aufr\u00fcsten geht nicht, der gemeinsame Speicher ist fester Teil des SoC (System-on-a-Chip) namens M2 Pro\/Max, die SSD ist fest verl\u00f6tet. Einziger Ausweg: Wer mehr Datenspeicher ben\u00f6tigt, investiert in ein externes Thunderbolt-Laufwerk.<\/p>\n","protected":false},"excerpt":{"rendered":"<p>Das Macbook Pro M2 Pro\/Max unterscheidet sich \u00e4u\u00dferlich nicht vom Vorg\u00e4nger, Apples Angaben zur Performancesteigerung harren der \u00dcberpr\u00fcfung. Was die Macbooks Pro von 2023 von ihren Vorg\u00e4ngern im Detail unterscheidet. Im Oktober 2021 legte Apple mit den Macbooks Pro M1 Pro und Max die ersten Profi-Rechner mit seinen eigenen Chips auf, im Januar 2023 kommen [&hellip;]<\/p>\n","protected":false},"author":1,"featured_media":0,"comment_status":"open","ping_status":"open","sticky":false,"template":"","format":"standard","meta":{"footnotes":""},"categories":[1],"tags":[],"class_list":["post-2590","post","type-post","status-publish","format-standard","hentry","category-uncategorized"],"_links":{"self":[{"href":"http:\/\/www.batteriewelt.com\/akkublog\/index.php?rest_route=\/wp\/v2\/posts\/2590","targetHints":{"allow":["GET"]}}],"collection":[{"href":"http:\/\/www.batteriewelt.com\/akkublog\/index.php?rest_route=\/wp\/v2\/posts"}],"about":[{"href":"http:\/\/www.batteriewelt.com\/akkublog\/index.php?rest_route=\/wp\/v2\/types\/post"}],"author":[{"embeddable":true,"href":"http:\/\/www.batteriewelt.com\/akkublog\/index.php?rest_route=\/wp\/v2\/users\/1"}],"replies":[{"embeddable":true,"href":"http:\/\/www.batteriewelt.com\/akkublog\/index.php?rest_route=%2Fwp%2Fv2%2Fcomments&post=2590"}],"version-history":[{"count":1,"href":"http:\/\/www.batteriewelt.com\/akkublog\/index.php?rest_route=\/wp\/v2\/posts\/2590\/revisions"}],"predecessor-version":[{"id":2591,"href":"http:\/\/www.batteriewelt.com\/akkublog\/index.php?rest_route=\/wp\/v2\/posts\/2590\/revisions\/2591"}],"wp:attachment":[{"href":"http:\/\/www.batteriewelt.com\/akkublog\/index.php?rest_route=%2Fwp%2Fv2%2Fmedia&parent=2590"}],"wp:term":[{"taxonomy":"category","embeddable":true,"href":"http:\/\/www.batteriewelt.com\/akkublog\/index.php?rest_route=%2Fwp%2Fv2%2Fcategories&post=2590"},{"taxonomy":"post_tag","embeddable":true,"href":"http:\/\/www.batteriewelt.com\/akkublog\/index.php?rest_route=%2Fwp%2Fv2%2Ftags&post=2590"}],"curies":[{"name":"wp","href":"https:\/\/api.w.org\/{rel}","templated":true}]}}