{"id":2535,"date":"2022-12-24T02:29:45","date_gmt":"2022-12-24T01:29:45","guid":{"rendered":"http:\/\/www.batteriewelt.com\/akkublog\/?p=2535"},"modified":"2022-12-24T02:29:45","modified_gmt":"2022-12-24T01:29:45","slug":"afd-parteichefin-weidel-lobt-elon-musks-twitter-kurs","status":"publish","type":"post","link":"http:\/\/www.batteriewelt.com\/akkublog\/?p=2535","title":{"rendered":"AfD-Parteichefin Weidel lobt Elon Musks Twitter-Kurs"},"content":{"rendered":"\n<p class=\"wp-block-paragraph\">Im Oktober \u00fcbernahm der Tesla-Chef den Kurznachrichtendienst. Seitdem hagelt es Kritik und es herrscht Angst vor der Verbreitung von Hass und Hetze. Die AfD-Parteichefin sieht das allerdings anders.<br>\nAfD-Parteichefin Alice Weidel hat sich positiv \u00fcber den Twitter-Kurswechsel nach der \u00dcbernahme des sozialen Netzwerks durch Tech-Unternehmer Elon Musk ge\u00e4u\u00dfert. &#8220;Seit Elon Musk Twitter \u00fcbernommen hat, kann auf Twitter wieder offener f\u00fcr Freiheit und Selbstbestimmung eingetreten werden&#8221;, sagte Weidel der &#8220;Rheinischen Post&#8221;. &#8220;Das ist gut f\u00fcr die Twitter-Blase &#8211; und letztlich f\u00fcr die Meinungsfreiheit in Deutschland.&#8221;<\/p>\n\n\n\n<p class=\"wp-block-paragraph\">Der Multimilliard\u00e4r hatte die \u00dcbernahme im Oktober als Aktion zur St\u00e4rkung der Redefreiheit dargestellt. Kritiker bef\u00fcrchten jedoch eine weitere Verrohung der Internetplattform und sorgen sich, dass der Eigent\u00fcmerwechsel zur ungez\u00fcgelteren Verbreitung von Hassbotschaften, Hetze und Desinformation f\u00fchren k\u00f6nnte.<\/p>\n\n\n\n<p class=\"wp-block-paragraph\">Twitter entsperrte unter Musks \u00c4gide beispielsweise den Account des ehemaligen US-Pr\u00e4sidenten Donald Trump. Trump war nach Sympathiebekundungen f\u00fcr Anh\u00e4nger, die am 6. Januar 2021 das Kapitol in Washington gest\u00fcrmt hatten, von der Plattform verbannt worden. J\u00fcngst gab es auch viel Kritik, weil Musk &#8211; trotz seines immer wieder betonten Bekenntnisses zur Redefreiheit &#8211; zun\u00e4chst einen automatisierten Account zur Nachverfolgung seines Privatjets und sp\u00e4ter zeitweise auch die Nutzerkonten einiger US-Journalisten sperren lie\u00df.<\/p>\n\n\n\n<p class=\"wp-block-paragraph\">Musk k\u00fcndigte zuletzt zwar an, als Twitter-Chef zur\u00fccktreten &#8211; allerdings erst, wenn ein Nachfolger gefunden ist. Twitter-Nutzer hatten sich zuvor in einer von Musk initierten Umfrage mehrheitlich f\u00fcr seinen R\u00fccktritt ausgesprochen. Es deutet derzeit allerdings wenig darauf hin, dass Musk z\u00fcgig einen geeigneten Kandidaten f\u00fcr den Job findet oder schon gefunden hat. Als Eigent\u00fcmer d\u00fcrfte er ohnehin in jedem Fall gro\u00dfen Einfluss auf die Online-Kommunikationsplattform behalten, die Unternehmen, Regierungen, Beh\u00f6rden, Politiker und andere Prominente auf der ganzen Welt f\u00fcr ihre \u00d6ffentlichkeitsarbeit nutzen.<\/p>\n","protected":false},"excerpt":{"rendered":"<p>Im Oktober \u00fcbernahm der Tesla-Chef den Kurznachrichtendienst. Seitdem hagelt es Kritik und es herrscht Angst vor der Verbreitung von Hass und Hetze. Die AfD-Parteichefin sieht das allerdings anders. AfD-Parteichefin Alice Weidel hat sich positiv \u00fcber den Twitter-Kurswechsel nach der \u00dcbernahme des sozialen Netzwerks durch Tech-Unternehmer Elon Musk ge\u00e4u\u00dfert. &#8220;Seit Elon Musk Twitter \u00fcbernommen hat, kann [&hellip;]<\/p>\n","protected":false},"author":1,"featured_media":0,"comment_status":"open","ping_status":"open","sticky":false,"template":"","format":"standard","meta":{"footnotes":""},"categories":[1],"tags":[],"class_list":["post-2535","post","type-post","status-publish","format-standard","hentry","category-uncategorized"],"_links":{"self":[{"href":"http:\/\/www.batteriewelt.com\/akkublog\/index.php?rest_route=\/wp\/v2\/posts\/2535","targetHints":{"allow":["GET"]}}],"collection":[{"href":"http:\/\/www.batteriewelt.com\/akkublog\/index.php?rest_route=\/wp\/v2\/posts"}],"about":[{"href":"http:\/\/www.batteriewelt.com\/akkublog\/index.php?rest_route=\/wp\/v2\/types\/post"}],"author":[{"embeddable":true,"href":"http:\/\/www.batteriewelt.com\/akkublog\/index.php?rest_route=\/wp\/v2\/users\/1"}],"replies":[{"embeddable":true,"href":"http:\/\/www.batteriewelt.com\/akkublog\/index.php?rest_route=%2Fwp%2Fv2%2Fcomments&post=2535"}],"version-history":[{"count":1,"href":"http:\/\/www.batteriewelt.com\/akkublog\/index.php?rest_route=\/wp\/v2\/posts\/2535\/revisions"}],"predecessor-version":[{"id":2536,"href":"http:\/\/www.batteriewelt.com\/akkublog\/index.php?rest_route=\/wp\/v2\/posts\/2535\/revisions\/2536"}],"wp:attachment":[{"href":"http:\/\/www.batteriewelt.com\/akkublog\/index.php?rest_route=%2Fwp%2Fv2%2Fmedia&parent=2535"}],"wp:term":[{"taxonomy":"category","embeddable":true,"href":"http:\/\/www.batteriewelt.com\/akkublog\/index.php?rest_route=%2Fwp%2Fv2%2Fcategories&post=2535"},{"taxonomy":"post_tag","embeddable":true,"href":"http:\/\/www.batteriewelt.com\/akkublog\/index.php?rest_route=%2Fwp%2Fv2%2Ftags&post=2535"}],"curies":[{"name":"wp","href":"https:\/\/api.w.org\/{rel}","templated":true}]}}