{"id":2496,"date":"2022-11-18T03:49:20","date_gmt":"2022-11-18T02:49:20","guid":{"rendered":"http:\/\/www.batteriewelt.com\/akkublog\/?p=2496"},"modified":"2022-11-18T03:49:20","modified_gmt":"2022-11-18T02:49:20","slug":"esperanto-fur-das-smart-home-was-ist-eigentlich-matter","status":"publish","type":"post","link":"http:\/\/www.batteriewelt.com\/akkublog\/?p=2496","title":{"rendered":"Esperanto f\u00fcr das Smart Home: Was ist eigentlich Matter?"},"content":{"rendered":"\n<p class=\"wp-block-paragraph\">Beim Smart Home gab es bisher eine Art Sprachh\u00fcrde &#8211; nicht jedes Ger\u00e4t funktioniert mit jedem Standard und kann so nicht unbedingt mit einem anderen kommunizieren. Matter soll Abhilfe schaffen und viele Produkte miteinander verbinden.<br>\nDie Connectivity Standards Alliance (CSA) hat k\u00fcrzlich den offiziellen Startschuss f\u00fcr Matter gegeben &#8211; und m\u00f6chte damit den Weg in eine Smart-Home-Welt ebnen, die nicht mehr von unterschiedlichen Standards zur\u00fcckgehalten wird. Funktioniert Apples Siri mit dieser Lampe? Kann der Google Assistant mit jener Steckdosenleiste interagieren? Und kann ich \u00fcber meinen Smartspeaker mit Amazons Alexa auch dieses eine Thermostat regeln? All diese Fragen sollen k\u00fcnftig gr\u00f6\u00dftenteils der Vergangenheit angeh\u00f6ren.<\/p>\n\n\n\n<p class=\"wp-block-paragraph\">Was ist Matter?<br>\nBisher hatten die gro\u00dfen Hersteller eigene \u00d6kosysteme. Wer ein Smart-Home-Ger\u00e4t zum Beispiel \u00fcber einen Echo Dot von Amazon oder Apples HomePod mini ansteuern wollte, musste davor sicherstellen, dass das jeweilige Endger\u00e4t auch unterst\u00fctzt wird. So konnte beispielsweise eine bestimmte smarte Kamera nur mit Alexa interagieren, eine andere wiederum nur mit Siri, als ob sie jeweils eigene Sprachen sprechen w\u00fcrden.<\/p>\n\n\n\n<p class=\"wp-block-paragraph\">Matter soll hingegen Interoperabilit\u00e4t erm\u00f6glichen und ist durchaus mit einer Plansprache wie Esperanto vergleichbar, die eine Kommunikation f\u00fcr Menschen unterschiedlicher Nationalit\u00e4ten und Muttersprachen gew\u00e4hrleisten soll. Sprecherinnen und Sprecher sollen einander verstehen k\u00f6nnen, egal ob sie aus Deutschland stammen, aus den USA oder Japan. Umgem\u00fcnzt auf das Smart Home: Ein f\u00fcr Matter zertifiziertes Ger\u00e4t soll unabh\u00e4ngig vom Hersteller mit einem anderen kommunizieren k\u00f6nnen &#8211; die Devices sprechen dann dieselbe Sprache.<\/p>\n\n\n\n<p class=\"wp-block-paragraph\">Unter dem Mantel der Allianz haben sich laut Angaben von CSA mittlerweile mehr als 400 Mitglieder zusammengeschlossen, um den neuen Standard Matter weiterzuentwickeln oder zumindest zu unterst\u00fctzen. Darunter befinden sich neben kleineren Unternehmen mit Amazon, Apple, Google, Samsung, LG oder auch Huawei viele Riesen aus der Welt der Technik &#8211; aber auch Ikea ist mit an Bord.<\/p>\n\n\n\n<p class=\"wp-block-paragraph\">Die Vorteile f\u00fcr Verbraucherinnen und Verbraucher<br>\nNoch steht Matter am Anfang und wie sich das Ganze entwickeln wird, muss die Zukunft erst noch zeigen. Die Vorteile eines \u00fcbergreifenden Standards f\u00fcr Konsumenten liegen aber auf der Hand. Das f\u00e4ngt schon beim teils undurchsichtigen Dickicht an bisherigen Standards an. Verbraucherinnen und Verbraucher m\u00fcssen k\u00fcnftig theoretisch nur noch darauf achten, ob ein Ger\u00e4t Matter unterst\u00fctzt. So muss wom\u00f6glich dem intelligenten Wecker neben dem Bett also zum Beispiel nicht mehr per Google Assistant befohlen werden, dass er doch bitte aufh\u00f6re zu piepen. Ist er f\u00fcr Matter zertifiziert, k\u00f6nnen auch Siri oder Alexa auf Zuruf f\u00fcr Ruhe sorgen. Zudem soll die Einrichtung vieler Ger\u00e4te mit Matter vereinfacht und vereinheitlicht werden.<\/p>\n\n\n\n<p class=\"wp-block-paragraph\">Durch Matter soll auch die Auswahl an Anbietern f\u00fcr Verbraucher breiter werden. Wurden Produkte vieler Hersteller in einem kleineren \u00d6kosystem zuvor nicht unterst\u00fctzt, sollen Nutzer k\u00fcnftig auch \u00fcber den bisherigen Tellerrand hinausschauen k\u00f6nnen. Die neue Konkurrenz k\u00f6nnte dabei mehrere positive Nebenerscheinungen mit sich bringen, denn wer sich am gr\u00f6\u00dferen Markt behaupten m\u00f6chte, muss potenziellen K\u00e4uferinnen und K\u00e4ufern auch etwas bieten. Hersteller m\u00fcssen dann in Zukunft bestenfalls mit niedrigeren Preisen, besserer Qualit\u00e4t oder besonderen Funktionen ihrer Produkte auf sich aufmerksam machen und es reicht nicht mehr aus, nur eine von wenigen Alternativen anzubieten.<\/p>\n\n\n\n<p class=\"wp-block-paragraph\">Ger\u00e4te mit Unterst\u00fctzung f\u00fcr Matter k\u00f6nnen \u00fcber WLAN oder die neue Technologie Thread kommunizieren. Diese ben\u00f6tigt wenig Strom, erm\u00f6glicht es eingebundenen Devices \u00fcber ein Mesh-Netzwerk miteinander zu sprechen und soll damit nicht nur f\u00fcr k\u00fcrzere Reaktionszeiten sorgen, sondern auch die Stabilit\u00e4t eines Systems unterst\u00fctzen. F\u00e4llt eines der Ger\u00e4te aus, springt ein anderes ein. Zudem werden Befehle verschl\u00fcsselt direkt vor Ort verarbeitet und m\u00fcssen etwa nicht erst an die Cloud geschickt werden.<\/p>\n\n\n\n<p class=\"wp-block-paragraph\">Verbraucherinnen und Verbraucher m\u00fcssen sich nun \u00fcbrigens nicht zwingend neue Ger\u00e4te kaufen, wenn sie ihr Smart Home erweitern und f\u00fcr den Standard fit machen m\u00f6chten. Einige Hersteller wollen \u00e4ltere Produkte in den kommenden Wochen per Update nachr\u00fcsten und haben auch in den vergangenen Monaten schon Ger\u00e4te auf den Markt gebracht, die k\u00fcnftig mit Matter funktionieren sollen.<\/p>\n\n\n\n<p class=\"wp-block-paragraph\">Was wird zum Start geboten?<br>\nLaut CSA werden zum Start einige Kategorien smarter Produkte unterst\u00fctzt, aber noch nicht alle. Mit dabei sind unter anderem Elektrik und Beleuchtung, T\u00fcrschl\u00f6sser oder auch Jalousien. Teams arbeiteten derzeit zudem beispielsweise an einer Unterst\u00fctzung f\u00fcr Haushaltsger\u00e4te und Kameras. Auf der Homepage der CSA k\u00f6nnen Verbraucher auch nach unterst\u00fctzten Ger\u00e4ten suchen.<\/p>\n\n\n\n<p class=\"wp-block-paragraph\">Die gro\u00dfen Marken sind f\u00fcr den neuen Standard ger\u00fcstet oder bereiten sich gerade noch darauf vor. Google erkl\u00e4rte im Mai, dass viele seiner Smart-Home-Ger\u00e4te entsprechende Updates erhalten sollen und diese etwa auch mit Android-Smartphones steuerbar sein sollen. Mit iOS 16.1 und iPadOS 16.1 r\u00fcstet Apple das iPhone und iPad f\u00fcr Matter und Amazon m\u00f6chte ab Dezember 17 Echo-Ger\u00e4te mit Matter \u00fcber WLAN sowie Steckdosen, Gl\u00fchbirnen und Schalter mit Android-Setup unterst\u00fctzen. Anfang 2023 soll eine Verf\u00fcgbarkeit f\u00fcr iOS, Thread und weitere Ger\u00e4te folgen.<\/p>\n","protected":false},"excerpt":{"rendered":"<p>Beim Smart Home gab es bisher eine Art Sprachh\u00fcrde &#8211; nicht jedes Ger\u00e4t funktioniert mit jedem Standard und kann so nicht unbedingt mit einem anderen kommunizieren. Matter soll Abhilfe schaffen und viele Produkte miteinander verbinden. Die Connectivity Standards Alliance (CSA) hat k\u00fcrzlich den offiziellen Startschuss f\u00fcr Matter gegeben &#8211; und m\u00f6chte damit den Weg in [&hellip;]<\/p>\n","protected":false},"author":1,"featured_media":0,"comment_status":"open","ping_status":"open","sticky":false,"template":"","format":"standard","meta":{"footnotes":""},"categories":[1],"tags":[],"class_list":["post-2496","post","type-post","status-publish","format-standard","hentry","category-uncategorized"],"_links":{"self":[{"href":"http:\/\/www.batteriewelt.com\/akkublog\/index.php?rest_route=\/wp\/v2\/posts\/2496","targetHints":{"allow":["GET"]}}],"collection":[{"href":"http:\/\/www.batteriewelt.com\/akkublog\/index.php?rest_route=\/wp\/v2\/posts"}],"about":[{"href":"http:\/\/www.batteriewelt.com\/akkublog\/index.php?rest_route=\/wp\/v2\/types\/post"}],"author":[{"embeddable":true,"href":"http:\/\/www.batteriewelt.com\/akkublog\/index.php?rest_route=\/wp\/v2\/users\/1"}],"replies":[{"embeddable":true,"href":"http:\/\/www.batteriewelt.com\/akkublog\/index.php?rest_route=%2Fwp%2Fv2%2Fcomments&post=2496"}],"version-history":[{"count":1,"href":"http:\/\/www.batteriewelt.com\/akkublog\/index.php?rest_route=\/wp\/v2\/posts\/2496\/revisions"}],"predecessor-version":[{"id":2497,"href":"http:\/\/www.batteriewelt.com\/akkublog\/index.php?rest_route=\/wp\/v2\/posts\/2496\/revisions\/2497"}],"wp:attachment":[{"href":"http:\/\/www.batteriewelt.com\/akkublog\/index.php?rest_route=%2Fwp%2Fv2%2Fmedia&parent=2496"}],"wp:term":[{"taxonomy":"category","embeddable":true,"href":"http:\/\/www.batteriewelt.com\/akkublog\/index.php?rest_route=%2Fwp%2Fv2%2Fcategories&post=2496"},{"taxonomy":"post_tag","embeddable":true,"href":"http:\/\/www.batteriewelt.com\/akkublog\/index.php?rest_route=%2Fwp%2Fv2%2Ftags&post=2496"}],"curies":[{"name":"wp","href":"https:\/\/api.w.org\/{rel}","templated":true}]}}