{"id":2468,"date":"2022-10-17T03:51:20","date_gmt":"2022-10-17T02:51:20","guid":{"rendered":"http:\/\/www.batteriewelt.com\/akkublog\/?p=2468"},"modified":"2022-10-17T03:51:20","modified_gmt":"2022-10-17T02:51:20","slug":"kuhler-von-be-quiet-unterstutzen-auch-den-am5-sockel-von-amd","status":"publish","type":"post","link":"http:\/\/www.batteriewelt.com\/akkublog\/?p=2468","title":{"rendered":"K\u00fchler von Be quiet! unterst\u00fctzen auch den AM5-Sockel von AMD"},"content":{"rendered":"\n<p class=\"wp-block-paragraph\">Laut Be quiet! sind alle von oben montierten, AM4-kompatiblen CPU-K\u00fchler auch mit dem neuen Sockel AM5 f\u00fcr Ryzen-7000-Prozessoren kompatibel.<\/p>\n\n\n\n<p class=\"wp-block-paragraph\">Es ist erst wenige Wochen her, dass der Chip-Hersteller AMD neue CPUs und zudem einen neuen Sockel angek\u00fcndigt hat. Den sogenannten AM5-Sockel will der Hersteller bis mindestens 2025 unterst\u00fctzen. Flaggschiff der neuen CPU-Reihe ist der AMD Ryzen 9 7950 X mit 16 Kernen. Dazu kommt eine neue Einstiegs-CPU, der Sechs-Kern-Prozessor AMD Ryzen 5 7600X.<\/p>\n\n\n\n<p class=\"wp-block-paragraph\">Sorgen, dass f\u00fcr die neuen Prozessoren auch neue CPU-K\u00fchler ben\u00f6tigt werden, hat der Komponentenhersteller Be quiet! nun ausger\u00e4umt. Das Unternehmen mit Sitz in Schleswig-Holstein meldet, &#8220;dass alle von oben montierten, AM4-kompatiblen CPU-K\u00fchler auch mit dem neuen Sockel AM5 f\u00fcr Ryzen-7000-Prozessoren kompatibel sind&#8221;.<\/p>\n\n\n\n<p class=\"wp-block-paragraph\">Neue Montage-Kits seien damit nicht erforderlich. Das liege daran, dass AMD die Abmessungen der Sockel nicht ver\u00e4ndert habe. Be quiet! empfiehlt f\u00fcr die CPUs Ryzen 9 7950X sowie Ryzen 7900X die Kompaktwasserk\u00fchlungen Silent Loop 2 360mm oder Silent Loop 2 280mm. Beim Ryzen 7 7700X sowie dem Ryzen 5 7600X r\u00e4t das Unternehmen dagegen zu einem AM5-kompatiblen Wasser- und Luftk\u00fchler aus seinem Sortiment, aber nicht dem Pure Rock Slim 2 oder dem Shadow Rock LP.<\/p>\n","protected":false},"excerpt":{"rendered":"<p>Laut Be quiet! sind alle von oben montierten, AM4-kompatiblen CPU-K\u00fchler auch mit dem neuen Sockel AM5 f\u00fcr Ryzen-7000-Prozessoren kompatibel. Es ist erst wenige Wochen her, dass der Chip-Hersteller AMD neue CPUs und zudem einen neuen Sockel angek\u00fcndigt hat. Den sogenannten AM5-Sockel will der Hersteller bis mindestens 2025 unterst\u00fctzen. Flaggschiff der neuen CPU-Reihe ist der AMD [&hellip;]<\/p>\n","protected":false},"author":1,"featured_media":0,"comment_status":"open","ping_status":"open","sticky":false,"template":"","format":"standard","meta":{"footnotes":""},"categories":[1],"tags":[],"class_list":["post-2468","post","type-post","status-publish","format-standard","hentry","category-uncategorized"],"_links":{"self":[{"href":"http:\/\/www.batteriewelt.com\/akkublog\/index.php?rest_route=\/wp\/v2\/posts\/2468","targetHints":{"allow":["GET"]}}],"collection":[{"href":"http:\/\/www.batteriewelt.com\/akkublog\/index.php?rest_route=\/wp\/v2\/posts"}],"about":[{"href":"http:\/\/www.batteriewelt.com\/akkublog\/index.php?rest_route=\/wp\/v2\/types\/post"}],"author":[{"embeddable":true,"href":"http:\/\/www.batteriewelt.com\/akkublog\/index.php?rest_route=\/wp\/v2\/users\/1"}],"replies":[{"embeddable":true,"href":"http:\/\/www.batteriewelt.com\/akkublog\/index.php?rest_route=%2Fwp%2Fv2%2Fcomments&post=2468"}],"version-history":[{"count":1,"href":"http:\/\/www.batteriewelt.com\/akkublog\/index.php?rest_route=\/wp\/v2\/posts\/2468\/revisions"}],"predecessor-version":[{"id":2469,"href":"http:\/\/www.batteriewelt.com\/akkublog\/index.php?rest_route=\/wp\/v2\/posts\/2468\/revisions\/2469"}],"wp:attachment":[{"href":"http:\/\/www.batteriewelt.com\/akkublog\/index.php?rest_route=%2Fwp%2Fv2%2Fmedia&parent=2468"}],"wp:term":[{"taxonomy":"category","embeddable":true,"href":"http:\/\/www.batteriewelt.com\/akkublog\/index.php?rest_route=%2Fwp%2Fv2%2Fcategories&post=2468"},{"taxonomy":"post_tag","embeddable":true,"href":"http:\/\/www.batteriewelt.com\/akkublog\/index.php?rest_route=%2Fwp%2Fv2%2Ftags&post=2468"}],"curies":[{"name":"wp","href":"https:\/\/api.w.org\/{rel}","templated":true}]}}