{"id":2454,"date":"2022-10-09T03:24:12","date_gmt":"2022-10-09T02:24:12","guid":{"rendered":"http:\/\/www.batteriewelt.com\/akkublog\/?p=2454"},"modified":"2022-10-09T03:24:12","modified_gmt":"2022-10-09T02:24:12","slug":"europaparlament-stimmt-fur-einheitliches-ladekabel","status":"publish","type":"post","link":"http:\/\/www.batteriewelt.com\/akkublog\/?p=2454","title":{"rendered":"Europaparlament stimmt f\u00fcr einheitliches Ladekabel"},"content":{"rendered":"\n<p class=\"wp-block-paragraph\">Weniger Elektroschrott, weniger Kosten f\u00fcr Verbraucher und weniger Umweltbelastung &#8211; das sollen einheitliche Ladekabel liefern. Partei\u00fcbergreifend haben EU-Abgeordnete dem Vorhaben zugestimmt.Das EU-Parlament hat seine finale Zustimmung zum einheitlichen Ladestandard USB-C f\u00fcr Smartphones und viele andere Ger\u00e4te gegeben. Die Abgeordneten stimmten am Dienstag nahezu einstimmig f\u00fcr eine zuvor von Unterh\u00e4ndlern des Parlaments und der EU-Staaten gefundene Regelung. Demnach treten die neuen Vorgaben 2024 in Kraft. In einem letzten Schritt m\u00fcssen die EU-Staaten noch zustimmen, was f\u00fcr den 24. Oktober vorgesehen ist. Dies gilt aber als Formsache.<\/p>\n\n\n\n<p class=\"wp-block-paragraph\">Um gesetzliche Vorgaben wurde schon lange gerungen. Vor mehr als zehn Jahren brachte die Kommission die Ladekabelfrage erstmals auf den Plan. 14 Hersteller &#8211; unter ihnen auch Apple &#8211; einigten sich in einer Selbstverpflichtung auf einen einheitlichen Standard f\u00fcr Handy-Netzteile. Bei den Buchsen in Smartphones und Tablet-Computern blieben von einst mehreren Dutzend Typen noch drei \u00fcbrig: USB-C, Apples Lightning-Anschluss sowie Micro-USB.<\/p>\n\n\n\n<p class=\"wp-block-paragraph\">Einheitlicher Standard f\u00fcr kabelloses Laden gefordert<br>\nVon Vertretern verschiedener Parteien wird das Ergebnis gefeiert. Andreas Schwab (CDU), binnenmarktpolitischer Sprecher der EVP-Fraktion, weist darauf hin, dass es auch einfacher werde, von einem Hersteller auf einen anderen umzusteigen. Allerdings d\u00fcrften Restbest\u00e4nde anderer Ladekabel auch sp\u00e4ter noch verkauft werden. Sein SPD-Kollege Ren\u00e9 Repasi begr\u00fc\u00dfte zudem, dass die EU-Kommission noch einen einheitlichen Standard f\u00fcr kabelloses Laden vorlegen soll.<\/p>\n\n\n\n<p class=\"wp-block-paragraph\">Vehemente Kritik \u00e4u\u00dfert hingegen der Software-, IT- und Digital-Branchenverband Bitkom. Das Vorhaben laufe dem Grundsatz der Technologie-Offenheit zuwider, hie\u00df es. &#8220;Innovationen etwa bei Ladedauer oder Daten\u00fcbertragung werden damit politisch ausgebremst&#8221;, sagte Bitkom-Hauptgesch\u00e4ftsf\u00fchrer Bernhard Rohleder.<\/p>\n\n\n\n<p class=\"wp-block-paragraph\">Dem widerspricht die Gr\u00fcnen-Abgeordnete Anna Cavazzini. &#8220;Anders als manche Lobbyisten behaupten, ist die Einigung zum einheitlichen Ladekabel offen f\u00fcr Innovation.&#8221; Sollte es k\u00fcnftig einen besseren Anschluss geben, k\u00f6nne USB-C abgel\u00f6st werden &#8211; aber nur durch einen neuen einheitlichen Standard.<\/p>\n\n\n\n<p class=\"wp-block-paragraph\">Es gibt aber auch Unternehmensvertreter, die sich \u00fcber die neuen Regeln freuen. &#8220;Einheitliche Ladekabel stoppen l\u00e4stigen Kabelsalat, schonen Ressourcen und Nerven der Verbraucher&#8221;, teilte der Verband kommunaler Unternehmen mit. Der Verband vertritt unter anderem die Interessen der Abfallwirtschaft.<\/p>\n\n\n\n<p class=\"wp-block-paragraph\">Neben Mobiltelefonen fallen nun auch zahlreiche weitere Ger\u00e4te unter die neuen Regeln. Dazu z\u00e4hlen etwa Tablets, Digitalkameras, Kopfh\u00f6rer, Lautsprecher, E-Reader, Tastaturen und M\u00e4use. F\u00fcr Laptops gelten die Regeln ab dem Fr\u00fchjahr 2026. Nach Angaben des EU-Parlaments sollen die neuen Leitlinien dazu f\u00fchren, dass Verbraucher in der EU 250 Millionen Euro pro Jahr einsparen, weil unn\u00f6tige Ladeger\u00e4tek\u00e4ufe vermieden w\u00fcrden.<\/p>\n\n\n\n<p class=\"wp-block-paragraph\">Zudem soll k\u00fcnftig bereits beim Kauf klar werden, ob ein Ger\u00e4t mit oder ohne Ladekabel verkauft wird. Dar\u00fcber hinaus soll durch spezielle Etiketten leichter festgestellt werden, ob bereits vorhandene Ladeger\u00e4te mit dem Endger\u00e4t kompatibel sind. &#8220;So wird es dem Kaufpublikum auch erm\u00f6glicht, fundiert zu entscheiden, ob es n\u00f6tig ist, mit einem neuen Ger\u00e4t auch ein neues Ladeger\u00e4t zu kaufen&#8221;, teilte das EU-Parlament mit.<\/p>\n","protected":false},"excerpt":{"rendered":"<p>Weniger Elektroschrott, weniger Kosten f\u00fcr Verbraucher und weniger Umweltbelastung &#8211; das sollen einheitliche Ladekabel liefern. Partei\u00fcbergreifend haben EU-Abgeordnete dem Vorhaben zugestimmt.Das EU-Parlament hat seine finale Zustimmung zum einheitlichen Ladestandard USB-C f\u00fcr Smartphones und viele andere Ger\u00e4te gegeben. Die Abgeordneten stimmten am Dienstag nahezu einstimmig f\u00fcr eine zuvor von Unterh\u00e4ndlern des Parlaments und der EU-Staaten gefundene [&hellip;]<\/p>\n","protected":false},"author":1,"featured_media":0,"comment_status":"open","ping_status":"open","sticky":false,"template":"","format":"standard","meta":{"footnotes":""},"categories":[1],"tags":[],"class_list":["post-2454","post","type-post","status-publish","format-standard","hentry","category-uncategorized"],"_links":{"self":[{"href":"http:\/\/www.batteriewelt.com\/akkublog\/index.php?rest_route=\/wp\/v2\/posts\/2454","targetHints":{"allow":["GET"]}}],"collection":[{"href":"http:\/\/www.batteriewelt.com\/akkublog\/index.php?rest_route=\/wp\/v2\/posts"}],"about":[{"href":"http:\/\/www.batteriewelt.com\/akkublog\/index.php?rest_route=\/wp\/v2\/types\/post"}],"author":[{"embeddable":true,"href":"http:\/\/www.batteriewelt.com\/akkublog\/index.php?rest_route=\/wp\/v2\/users\/1"}],"replies":[{"embeddable":true,"href":"http:\/\/www.batteriewelt.com\/akkublog\/index.php?rest_route=%2Fwp%2Fv2%2Fcomments&post=2454"}],"version-history":[{"count":1,"href":"http:\/\/www.batteriewelt.com\/akkublog\/index.php?rest_route=\/wp\/v2\/posts\/2454\/revisions"}],"predecessor-version":[{"id":2455,"href":"http:\/\/www.batteriewelt.com\/akkublog\/index.php?rest_route=\/wp\/v2\/posts\/2454\/revisions\/2455"}],"wp:attachment":[{"href":"http:\/\/www.batteriewelt.com\/akkublog\/index.php?rest_route=%2Fwp%2Fv2%2Fmedia&parent=2454"}],"wp:term":[{"taxonomy":"category","embeddable":true,"href":"http:\/\/www.batteriewelt.com\/akkublog\/index.php?rest_route=%2Fwp%2Fv2%2Fcategories&post=2454"},{"taxonomy":"post_tag","embeddable":true,"href":"http:\/\/www.batteriewelt.com\/akkublog\/index.php?rest_route=%2Fwp%2Fv2%2Ftags&post=2454"}],"curies":[{"name":"wp","href":"https:\/\/api.w.org\/{rel}","templated":true}]}}