{"id":2416,"date":"2022-09-05T03:27:38","date_gmt":"2022-09-05T02:27:38","guid":{"rendered":"http:\/\/www.batteriewelt.com\/akkublog\/?p=2416"},"modified":"2022-09-05T03:27:38","modified_gmt":"2022-09-05T02:27:38","slug":"ifa-2022-das-sind-die-highlights-der-berliner-elektronikmesse","status":"publish","type":"post","link":"http:\/\/www.batteriewelt.com\/akkublog\/?p=2416","title":{"rendered":"IFA 2022: Das sind die Highlights der Berliner Elektronikmesse"},"content":{"rendered":"\n<p class=\"wp-block-paragraph\">In Berlin pr\u00e4sentieren mehr als 1.100 Aussteller aus 46 L\u00e4ndern neue Elektronik- und Haushaltsger\u00e4te. Das sind die Highlights der IFA.<br>\nZum ersten Mal seit 2019 findet die IFA auf der Messe Berlin wieder im gewohnten Format statt. Hunderte von Ausstellern pr\u00e4sentieren der Welt\u00f6ffentlichkeit auf mehr als 100.000 Quadratmetern noch bis Dienstag (6. September) ihre neuesten Innovationen. Von riesigen Fernsehern \u00fcber neuartige Laptops bis zu Rasierern, mit denen man sich die Z\u00e4hne putzen kann &#8211; das sind die Highlights der IFA 2022.<\/p>\n\n\n\n<p class=\"wp-block-paragraph\">Zwar haben einige namhafte Hersteller wie Panasonic und Sony auf der IFA keinen TV-Messestand, daf\u00fcr pr\u00e4sentiert mit LG und Samsung die Konkurrenz echte Highlights. Dazu z\u00e4hlt mit dem LG 97G2 der bislang gr\u00f6\u00dfte OLED-Fernseher: Er misst eine Bildschirmdiagonale von 97 Zoll (247 Zentimeter), l\u00f6st mit 8K auf und ist der weltweit gr\u00f6\u00dfte OLED-TV, den Endnutzer serienm\u00e4\u00dfig kaufen k\u00f6nnen. Der Verkaufsstart in Deutschland ist noch nicht offiziell best\u00e4tigt, LG soll ihn aber noch bis Ende des Jahres in den Handel bringen. Ein Schn\u00e4ppchen ist der Mega-TV allerdings nicht, ein Preis von bis zu 25.000 Euro ist aktuell wohl im Gespr\u00e4ch.<\/p>\n\n\n\n<p class=\"wp-block-paragraph\">Au\u00dferdem zeigt LG auf der IFA mit dem OLED Flex (LX3) den weltweit ersten variabel biegsamen Fernseher. Er misst 42 Zoll (107 Zentimeter Bildschirmdiagonale) und richtet sich an Nutzerinnen und Nutzer, die Games spielen oder ihren TV als Monitor nutzen wollen. 20 Kr\u00fcmmungsgrade stehen bei den 120-Hertz-Ger\u00e4ten zur Auswahl, die sich \u00fcber eine Taste auf der Fernbedienung regulieren lassen.<\/p>\n\n\n\n<p class=\"wp-block-paragraph\">Aufhorchen l\u00e4sst auch der Optik-Spezialist Leica aus Wetzlar. Die Hessen pr\u00e4sentieren auf der IFA mit dem Cine 1 einen Fernseher mit Laser-Technologie, der in Kooperation mit dem chinesischen Elektronikkonzern Hisense entstanden ist. Der 4K-UHD-Laser-TV ist in 80 (203 Zentimeter) oder 100 Zoll (254 Zentimeter) geplant und soll 6.900 respektive 8.000 Euro kosten und im Laufe des zweiten Quartals 2023 im Handel verf\u00fcgbar sein.<\/p>\n\n\n\n<p class=\"wp-block-paragraph\">Die Bildschirm-Evolution geht weiter<br>\nEbenfalls 2023 soll in Europa ein ganz besonderer Fernseher f\u00fcr die Hemdtasche verf\u00fcgbar sein. Lenovo stellt auf der IFA mit den Glasses T1 eine Brille vor, die optisch an eine Mischung aus Sonnenbrille und Microsofts Hololense erinnert. Hinter den get\u00f6nten Linsen verbergen sich zwei Micro-OLED-Displays, die mit 1.920 x 1.080 Pixeln pro Display aufl\u00f6sen und Tr\u00e4gern einen gro\u00dfen Bildschirm vor die Augen projizieren. Dazu ist die Brille via USB-C-Kabel mit einem Smartphone, Laptop oder Tablet zu verbinden, das auch gleichzeitig den Strom liefert &#8211; einen eigenen Akku hat sie n\u00e4mlich nicht. Was die Lenovo-Brille kosten soll, hat der chinesische Konzern in Berlin noch nicht verraten.<\/p>\n\n\n\n<p class=\"wp-block-paragraph\">Gro\u00dfe Aufmerksamkeit ziehen auf der IFA auch zwei faltbare Notebooks auf sich: Das Asus Zenbook 17 Fold OLED und Lenovos ThinkPad X1 Fold sind auf den ersten Blick normale Notebooks mit einem 12,5 Zoll beziehungsweise 12 Zoll gro\u00dfen Display. Diese lassen sich jedoch auffalten und bringen es dann auf 17,3 Zoll respektive 16,3 Zoll. Ausgestattet sind die Ger\u00e4te mit Intel-Prozessoren der zw\u00f6lften Generation, einer 1-Terrabyte-SSD Festplatte und DDR5-Arbeitsspeicher. Die Ger\u00e4te wiegen etwas weniger als zwei Kilogramm und sind aufgrund ihrer Preise zun\u00e4chst wohl nur f\u00fcr Early Adopter interessant, denn Lenovo ruft f\u00fcr sein faltbares ThinkPad einen Preis von 2.999 Euro und Asus einen von 3.699 Euro aus.<\/p>\n\n\n\n<p class=\"wp-block-paragraph\">Effizienz bei Haushaltsger\u00e4ten im Fokus<br>\nEiner der wichtigsten Trends der IFA 2022 ist das Thema Nachhaltigkeit. Insbesondere bei Haushaltsger\u00e4ten wie Wasch- oder Sp\u00fclmaschinen stehen Langlebigkeit und Ressourcenschonung im Zentrum. So stellt Samsung mit der &#8220;Bespoke AI&#8221; eine Waschmaschine vor, die bis zu 70 Prozent weniger Energie verbrauchen soll als herk\u00f6mmliche Modelle. Erreicht werde die Ersparnis laut den Koreanern durch den Einsatz K\u00fcnstlicher Intelligenz, die die Bl\u00e4schenbildung des Waschmittels reguliert, damit dieses effizienter von den Textilien aufgenommen wird und den Einsatz des Wassers entsprechend des Verschmutzungsgrades anpasst.<\/p>\n\n\n\n<p class=\"wp-block-paragraph\">Electrolux stellt indes f\u00fcr seine neuen AEG-Maschinen einen zus\u00e4tzlichen Filter vor, der bis zu 90 Prozent der Mikroplastikfasern synthetischer Textilien einf\u00e4ngt und so verhindert, dass diese im Abwasser landen. Viele dieser Ger\u00e4te sind au\u00dferdem online und per App mit ihren Nutzern verbunden, um diesen Feedback zu Strom- und Wasserverbrauch zu erm\u00f6glichen.<\/p>\n\n\n\n<p class=\"wp-block-paragraph\">All-in-One im Badezimmer<br>\nPanasonic wagt sich bei der K\u00f6rperpflege mit seinem &#8220;MultiShape&#8221;-Konzept an ein Baukasten-Konzept f\u00fcrs Badezimmer. Auf den akkubetriebenen Handgriff lassen sich die unterschiedlichsten Aufs\u00e4tze anbringen &#8211; vom Haareschneiden \u00fcber das Barttrimmen bis zum Z\u00e4hneputzen. Das spart Platz und ist besonders beim Reisen praktisch, weil man nur noch eins statt mehrerer Ger\u00e4te einpacken muss. Der Vorteil des Systems ist, dass man sich nur die Aufs\u00e4tze kaufen muss, die man auch m\u00f6chte und sich seinen Allesk\u00f6nner so St\u00fcck f\u00fcr St\u00fcck erweitern kann.<\/p>\n\n\n\n<p class=\"wp-block-paragraph\">Die IFA 2022 auf der Messe Berlin l\u00e4uft noch bis Dienstag, den 6. September 2022. Kurzfristig Interessierte k\u00f6nnen sich \u00fcber die Homepage der Messe Tickets sichern. Das Ein-Tages-Ticket f\u00fcr Fachbesucher kostet 52 Euro, f\u00fcr das Zwei-Tages-Ticket sind 75 Euro zu bezahlen.<\/p>\n","protected":false},"excerpt":{"rendered":"<p>In Berlin pr\u00e4sentieren mehr als 1.100 Aussteller aus 46 L\u00e4ndern neue Elektronik- und Haushaltsger\u00e4te. Das sind die Highlights der IFA. Zum ersten Mal seit 2019 findet die IFA auf der Messe Berlin wieder im gewohnten Format statt. Hunderte von Ausstellern pr\u00e4sentieren der Welt\u00f6ffentlichkeit auf mehr als 100.000 Quadratmetern noch bis Dienstag (6. September) ihre neuesten [&hellip;]<\/p>\n","protected":false},"author":1,"featured_media":0,"comment_status":"open","ping_status":"open","sticky":false,"template":"","format":"standard","meta":{"footnotes":""},"categories":[1],"tags":[],"class_list":["post-2416","post","type-post","status-publish","format-standard","hentry","category-uncategorized"],"_links":{"self":[{"href":"http:\/\/www.batteriewelt.com\/akkublog\/index.php?rest_route=\/wp\/v2\/posts\/2416","targetHints":{"allow":["GET"]}}],"collection":[{"href":"http:\/\/www.batteriewelt.com\/akkublog\/index.php?rest_route=\/wp\/v2\/posts"}],"about":[{"href":"http:\/\/www.batteriewelt.com\/akkublog\/index.php?rest_route=\/wp\/v2\/types\/post"}],"author":[{"embeddable":true,"href":"http:\/\/www.batteriewelt.com\/akkublog\/index.php?rest_route=\/wp\/v2\/users\/1"}],"replies":[{"embeddable":true,"href":"http:\/\/www.batteriewelt.com\/akkublog\/index.php?rest_route=%2Fwp%2Fv2%2Fcomments&post=2416"}],"version-history":[{"count":1,"href":"http:\/\/www.batteriewelt.com\/akkublog\/index.php?rest_route=\/wp\/v2\/posts\/2416\/revisions"}],"predecessor-version":[{"id":2417,"href":"http:\/\/www.batteriewelt.com\/akkublog\/index.php?rest_route=\/wp\/v2\/posts\/2416\/revisions\/2417"}],"wp:attachment":[{"href":"http:\/\/www.batteriewelt.com\/akkublog\/index.php?rest_route=%2Fwp%2Fv2%2Fmedia&parent=2416"}],"wp:term":[{"taxonomy":"category","embeddable":true,"href":"http:\/\/www.batteriewelt.com\/akkublog\/index.php?rest_route=%2Fwp%2Fv2%2Fcategories&post=2416"},{"taxonomy":"post_tag","embeddable":true,"href":"http:\/\/www.batteriewelt.com\/akkublog\/index.php?rest_route=%2Fwp%2Fv2%2Ftags&post=2416"}],"curies":[{"name":"wp","href":"https:\/\/api.w.org\/{rel}","templated":true}]}}