{"id":231,"date":"2019-12-11T07:14:05","date_gmt":"2019-12-11T06:14:05","guid":{"rendered":"http:\/\/www.batteriewelt.com\/akkublog\/?p=231"},"modified":"2019-12-11T07:14:05","modified_gmt":"2019-12-11T06:14:05","slug":"macos-catalina-10-15-2-veroffentlicht","status":"publish","type":"post","link":"http:\/\/www.batteriewelt.com\/akkublog\/?p=231","title":{"rendered":"macOS Catalina 10.15.2 ver\u00f6ffentlicht"},"content":{"rendered":"\n<p class=\"wp-block-paragraph\">Apple hat iOS 12.4.4 und&nbsp;13.3 sowie iPadOS 13.3&nbsp;nebst watchOS 6.1.1 ver\u00f6ffentlicht. Aber auch das Desktop-System macOS Catalina bekommt ein Update, n\u00e4mlich das auf Version 10.15.2. Das \u201emacOS Catalina 10.15.2\u201c-Update verbessert laut Apple die Stabilit\u00e4t, Zuverl\u00e4ssigkeit und Leistung des Mac. Nehmt euch etwas Zeit, das Update ist (in meinem Fall) 3,5 GB gro\u00df und die Installation braucht ja auch etwas Zeit.<\/p>\n\n\n\n<p class=\"wp-block-paragraph\">Dieses Update enth\u00e4lt folgende Fehlerbehebungen und Verbesserungen:<\/p>\n\n\n\n<p class=\"wp-block-paragraph\">App \u201eMusik\u201c<\/p>\n\n\n\n<p class=\"wp-block-paragraph\">\u2022 Die Spaltendarstellung der \u00dcbersicht zur Verwaltung der Musikmediathek ist wieder verf\u00fcgbar<\/p>\n\n\n\n<p class=\"wp-block-paragraph\">\u2022 L\u00f6st ein Problem, das verhindern kann, dass Albumcover angezeigt werden<\/p>\n\n\n\n<p class=\"wp-block-paragraph\">\u2022 Behebt ein Problem, das die Einstellungen des Musik-Equalizers w\u00e4hrend der Wiedergabe zur\u00fccksetzen kann<\/p>\n\n\n\n<p class=\"wp-block-paragraph\">iTunes Remote<\/p>\n\n\n\n<p class=\"wp-block-paragraph\">\u2022 F\u00fcgt Unterst\u00fctzung f\u00fcr das Fernbedienen der Apps \u201eMusik\u201c und \u201eTV\u201c auf dem Mac per iPhone oder iPad hinzu<\/p>\n\n\n\n<p class=\"wp-block-paragraph\">App \u201eFotos\u201c<\/p>\n\n\n\n<p class=\"wp-block-paragraph\">\u2022 L\u00f6st ein Problem, bei dem einige .AVI- und .MP4-Dateien als nicht unterst\u00fctzt erscheinen<\/p>\n\n\n\n<p class=\"wp-block-paragraph\">\u2022 Behebt ein Problem, bei dem neu erstellte Ordner nicht in der Darstellung \u201eAlben\u201c angezeigt werden<\/p>\n\n\n\n<p class=\"wp-block-paragraph\">\u2022 Korrigiert ein Problem, bei dem manuell sortierte Bilder eines Albums m\u00f6glicherweise in falscher Reihenfolge gedruckt oder exportiert werden<\/p>\n\n\n\n<p class=\"wp-block-paragraph\">\u2022 Behebt ein Problem, bei dem das Werkzeug zum Zoomen und Zuschneiden nicht in der Druckvorschau funktioniert<\/p>\n\n\n\n<p class=\"wp-block-paragraph\">Mail<\/p>\n\n\n\n<p class=\"wp-block-paragraph\">\u2022 Korrigiert ein Problem, bei dem anstatt der Einstellungen von Mail ein leeres Fenster angezeigt wird<\/p>\n\n\n\n<p class=\"wp-block-paragraph\">\u2022 L\u00f6st ein Problem, bei dem Widerrufen beim Empfangen gel\u00f6schter E-Mails nicht verwendet werden kann<\/p>\n\n\n\n<p class=\"wp-block-paragraph\">Sonstiges<\/p>\n\n\n\n<p class=\"wp-block-paragraph\">\u2022 Verbessert die Zuverl\u00e4ssigkeit beim Synchronisieren von B\u00fcchern und H\u00f6rb\u00fcchern auf deinem iPad oder iPhone mit dem Finder<\/p>\n\n\n\n<p class=\"wp-block-paragraph\">\u2022 Behebt ein Problem, bei dem Erinnerungen m\u00f6glicherweise in der intelligenten Liste \u201eHeute\u201c der App \u201eErinnerungen\u201c in falscher Reihenfolge sind<\/p>\n\n\n\n<p class=\"wp-block-paragraph\">\u2022 L\u00f6st ein Problem, bei dem die Eingabe in der App \u201eNotizen\u201c m\u00f6glicherweise nur verlangsamt funktioniert<\/p>\n","protected":false},"excerpt":{"rendered":"<p>Apple hat iOS 12.4.4 und&nbsp;13.3 sowie iPadOS 13.3&nbsp;nebst watchOS 6.1.1 ver\u00f6ffentlicht. Aber auch das Desktop-System macOS Catalina bekommt ein Update, n\u00e4mlich das auf Version 10.15.2. Das \u201emacOS Catalina 10.15.2\u201c-Update verbessert laut Apple die Stabilit\u00e4t, Zuverl\u00e4ssigkeit und Leistung des Mac. Nehmt euch etwas Zeit, das Update ist (in meinem Fall) 3,5 GB gro\u00df und die Installation [&hellip;]<\/p>\n","protected":false},"author":1,"featured_media":0,"comment_status":"open","ping_status":"open","sticky":false,"template":"","format":"standard","meta":{"footnotes":""},"categories":[6],"tags":[145],"class_list":["post-231","post","type-post","status-publish","format-standard","hentry","category-betriebssystem","tag-macos"],"_links":{"self":[{"href":"http:\/\/www.batteriewelt.com\/akkublog\/index.php?rest_route=\/wp\/v2\/posts\/231","targetHints":{"allow":["GET"]}}],"collection":[{"href":"http:\/\/www.batteriewelt.com\/akkublog\/index.php?rest_route=\/wp\/v2\/posts"}],"about":[{"href":"http:\/\/www.batteriewelt.com\/akkublog\/index.php?rest_route=\/wp\/v2\/types\/post"}],"author":[{"embeddable":true,"href":"http:\/\/www.batteriewelt.com\/akkublog\/index.php?rest_route=\/wp\/v2\/users\/1"}],"replies":[{"embeddable":true,"href":"http:\/\/www.batteriewelt.com\/akkublog\/index.php?rest_route=%2Fwp%2Fv2%2Fcomments&post=231"}],"version-history":[{"count":1,"href":"http:\/\/www.batteriewelt.com\/akkublog\/index.php?rest_route=\/wp\/v2\/posts\/231\/revisions"}],"predecessor-version":[{"id":232,"href":"http:\/\/www.batteriewelt.com\/akkublog\/index.php?rest_route=\/wp\/v2\/posts\/231\/revisions\/232"}],"wp:attachment":[{"href":"http:\/\/www.batteriewelt.com\/akkublog\/index.php?rest_route=%2Fwp%2Fv2%2Fmedia&parent=231"}],"wp:term":[{"taxonomy":"category","embeddable":true,"href":"http:\/\/www.batteriewelt.com\/akkublog\/index.php?rest_route=%2Fwp%2Fv2%2Fcategories&post=231"},{"taxonomy":"post_tag","embeddable":true,"href":"http:\/\/www.batteriewelt.com\/akkublog\/index.php?rest_route=%2Fwp%2Fv2%2Ftags&post=231"}],"curies":[{"name":"wp","href":"https:\/\/api.w.org\/{rel}","templated":true}]}}