{"id":2248,"date":"2022-07-08T04:42:35","date_gmt":"2022-07-08T03:42:35","guid":{"rendered":"http:\/\/www.batteriewelt.com\/akkublog\/?p=2248"},"modified":"2022-07-08T04:42:35","modified_gmt":"2022-07-08T03:42:35","slug":"angeblich-mit-a14-usb-c-und-5g","status":"publish","type":"post","link":"http:\/\/www.batteriewelt.com\/akkublog\/?p=2248","title":{"rendered":"Angeblich mit A14, USB-C und 5G"},"content":{"rendered":"\n<p class=\"wp-block-paragraph\">Neuer Anschluss, 5G und ein neuer Prozessor \u2013 aber kein M1. So soll das kommende iPad von Apple ausschauen.<\/p>\n\n\n\n<p class=\"wp-block-paragraph\">Eben erst habe ich dar\u00fcber spekuliert, welche Richtung Apple beim iPad k\u00fcnftig einschlagen k\u00f6nnte \u2013 stellt es die gesamte Reihe auf M-Chips um oder setzt es bei den g\u00fcnstigeren Modellen weiterhin auf die A-Serie? \u2013 Da f\u00e4llt mir auf, dass ich einen Exklusivbericht \u00fcber das gew\u00f6hnliche iPad der zehnten Generation von 9to5mac \u00fcbersehen habe.<\/p>\n\n\n\n<p class=\"wp-block-paragraph\">iPad 10: Die Ger\u00fcchtek\u00fcche brodelt<br>\nDeren Quellen zufolge soll das n\u00e4chste iPad n\u00e4mlich tats\u00e4chlich weiterhin den A-Chip verwenden, genauer gesagt den A14 Bionic, der etwa 30 Prozent leistungsf\u00e4higer ist als der A13 Bionic im aktuellen Einsteiger-iPad. Im Zuge dieses Upgrades soll es k\u00fcnftig auch eine 5G-Option geben und auch der Lightning-Anschluss soll endlich zugunsten von USB-C weichen \u2013 als letztes Modell der iPad-Reihe. Nebenbei soll auch der Bildschirm verbessert werden. So soll denselben Quellen zufolge ein Retina-Display mit derselben Aufl\u00f6sung zum Einsatz kommen wie beim iPad Air.<\/p>\n\n\n\n<p class=\"wp-block-paragraph\">Diese Informationen sind zun\u00e4chst als \u201eGer\u00fccht\u201c zu verbuchen, denn eine offizielle Best\u00e4tigung seitens Apple gibt es nat\u00fcrlich nicht. Als ernstzunehmendes Apple-Magazin geht 9to5mac jedoch nicht leichtfertig mit dem Begriff \u201eexklusiv\u201c um, weshalb ich ihnen vorsichtig Glauben schenken m\u00f6chte.<\/p>\n\n\n\n<p class=\"wp-block-paragraph\">Und letztendlich w\u00fcrden diese Ger\u00fcchte auch meine bisherigen Bef\u00fcrchtungen best\u00e4tigen, dass Apple die iPad-Reihe weiter verw\u00e4ssert und Konsistenz verliert. Die h\u00f6herpreisigen Modelle, das iPad Pro und das iPad Air, dr\u00e4ngen dank M1-Chip und verbessertem Multitasking durch Stage Manager weiter ins Convertible- bzw. 2-in-1-Segment. Dort bieten sie sich dank Touch-Eingabe mittlerweile sogar als Alternative zum klassischen Macbook Air an, vielleicht sogar zum 13-Zoll Macbook Pro.<\/p>\n\n\n\n<p class=\"wp-block-paragraph\">F\u00fcr Verbraucher:innen wird es also immer un\u00fcbersichtlicher: Will ich ein reines Tablet? Will ich einen klassischen Laptop? Will ich ein Ger\u00e4t, das als beides fungieren kann? Warum hei\u00dft das eine \u201eAir\u201c und das andere \u201ePro\u201c und wo ist der Unterschied? Probleme, mit denen Windows-User:innen sich seit Anbeginn der Zeit rumplagen m\u00fcssen, k\u00f6nnten nun auch auf Apple-Kundschaft zukommen.<\/p>\n","protected":false},"excerpt":{"rendered":"<p>Neuer Anschluss, 5G und ein neuer Prozessor \u2013 aber kein M1. So soll das kommende iPad von Apple ausschauen. Eben erst habe ich dar\u00fcber spekuliert, welche Richtung Apple beim iPad k\u00fcnftig einschlagen k\u00f6nnte \u2013 stellt es die gesamte Reihe auf M-Chips um oder setzt es bei den g\u00fcnstigeren Modellen weiterhin auf die A-Serie? \u2013 Da [&hellip;]<\/p>\n","protected":false},"author":1,"featured_media":0,"comment_status":"open","ping_status":"open","sticky":false,"template":"","format":"standard","meta":{"footnotes":""},"categories":[1],"tags":[],"class_list":["post-2248","post","type-post","status-publish","format-standard","hentry","category-uncategorized"],"_links":{"self":[{"href":"http:\/\/www.batteriewelt.com\/akkublog\/index.php?rest_route=\/wp\/v2\/posts\/2248","targetHints":{"allow":["GET"]}}],"collection":[{"href":"http:\/\/www.batteriewelt.com\/akkublog\/index.php?rest_route=\/wp\/v2\/posts"}],"about":[{"href":"http:\/\/www.batteriewelt.com\/akkublog\/index.php?rest_route=\/wp\/v2\/types\/post"}],"author":[{"embeddable":true,"href":"http:\/\/www.batteriewelt.com\/akkublog\/index.php?rest_route=\/wp\/v2\/users\/1"}],"replies":[{"embeddable":true,"href":"http:\/\/www.batteriewelt.com\/akkublog\/index.php?rest_route=%2Fwp%2Fv2%2Fcomments&post=2248"}],"version-history":[{"count":1,"href":"http:\/\/www.batteriewelt.com\/akkublog\/index.php?rest_route=\/wp\/v2\/posts\/2248\/revisions"}],"predecessor-version":[{"id":2249,"href":"http:\/\/www.batteriewelt.com\/akkublog\/index.php?rest_route=\/wp\/v2\/posts\/2248\/revisions\/2249"}],"wp:attachment":[{"href":"http:\/\/www.batteriewelt.com\/akkublog\/index.php?rest_route=%2Fwp%2Fv2%2Fmedia&parent=2248"}],"wp:term":[{"taxonomy":"category","embeddable":true,"href":"http:\/\/www.batteriewelt.com\/akkublog\/index.php?rest_route=%2Fwp%2Fv2%2Fcategories&post=2248"},{"taxonomy":"post_tag","embeddable":true,"href":"http:\/\/www.batteriewelt.com\/akkublog\/index.php?rest_route=%2Fwp%2Fv2%2Ftags&post=2248"}],"curies":[{"name":"wp","href":"https:\/\/api.w.org\/{rel}","templated":true}]}}