{"id":2235,"date":"2022-07-05T10:27:22","date_gmt":"2022-07-05T09:27:22","guid":{"rendered":"http:\/\/www.batteriewelt.com\/akkublog\/?p=2235"},"modified":"2022-07-05T10:27:22","modified_gmt":"2022-07-05T09:27:22","slug":"bessere-selfies-dank-autofokus","status":"publish","type":"post","link":"https:\/\/www.batteriewelt.com\/akkublog\/?p=2235","title":{"rendered":"Bessere Selfies dank Autofokus?"},"content":{"rendered":"\n<p class=\"wp-block-paragraph\">In der Ger\u00fcchtek\u00fcche brodelt es: Die Frontkamera des iPhone 14 soll einem Analysten zufolge einen Autofokus bekommen.<\/p>\n\n\n\n<p class=\"wp-block-paragraph\">Ein paar Pixel hier, ein bisschen Software da \u2013 wirklich viel getan hat sich bei Frontkameras in den letzten Jahren nicht, und das nicht nur bei Apple, sondern hersteller\u00fcbergreifend. Doch gerade in Cupertino soll sich hier laut dem Analysten Ming-Chi Kuo etwas \u00e4ndern: Die Frontkamera des iPhone 14 soll Autofokus bekommen.<\/p>\n\n\n\n<p class=\"wp-block-paragraph\">Laut Kuo habe sich Apple f\u00fcr das iPhone 14 n\u00e4mlich auf die Zulieferer der Kamera festgelegt. Zwei der Bauteile deuten demnach auf eine Autofokus-Funktion hin: Eine sechsteilig Linse von Genius statt einer f\u00fcnfteiligen und Voice-Coil-Aktuatoren von Luxshare ICT. Der Sensor soll weiterhin von Sony geliefert werden und LG Innotek soll Cowell beim Kameramodul als Zulieferer erg\u00e4nzen.<\/p>\n\n\n\n<p class=\"wp-block-paragraph\">Wenn Ihnen keiner dieser Namen oder Begriffe etwas sagt, dann ist das v\u00f6llig nachvollziehbar, denn einerseits h\u00e4lt sich Apple bei Informationen zu seiner Lieferkette generell sehr bedeckt und andererseits handelt es sich hierbei um Bauteile, die man f\u00fcr gew\u00f6hnlich nicht in die H\u00e4nde bekommt.<\/p>\n\n\n\n<p class=\"wp-block-paragraph\">Bessere Fotos dank Autofokus?<br>\nW\u00e4hrend Kameras mit Autofokus auf der R\u00fcckseite von Smartphones weitverbreitet sind, sieht es bei Frontkameras ganz anders aus. Selbst in der Masse von Android-Smartphones lassen sich Modelle mit der einen oder anderen AF-L\u00f6sung an einer Hand abz\u00e4hlen. Auch Apple hatte bisher beim iPhone auf ein Fixfokus-Objektiv gesetzt.<\/p>\n\n\n\n<p class=\"wp-block-paragraph\">Zwar ist Autofokus bei der Frontkamera ein Thema, das nicht so wichtig ist wie auf der R\u00fcckseite, da damit im Gro\u00dfteil der F\u00e4lle Nahaufnahmen von Personen \u2013 Selfies \u2013 gemacht werden. Befinden sich Objekte jedoch weiter als eine durchschnittliche Arml\u00e4nge entfernt, etwa, wenn das iPhone in einen Selfiestick gespannt wird, kann das Ergebnis leicht verschwommen wirken, da der Fokus in der falschen Bildebene liegt. Das d\u00fcrfte eins der gr\u00f6\u00dften Probleme sein, das ein Autofokus l\u00f6sen k\u00f6nnte.<\/p>\n\n\n\n<p class=\"wp-block-paragraph\">Weitere Verbesserungen k\u00f6nnten beim Bokeh zu sehen sein \u2013 der Tiefenunsch\u00e4rfe, die besonders bei Portr\u00e4taufnahmen gut aussieht und deshalb h\u00e4ufig verwendet wird. In Smartphones wird dieser optische Effekt zumeist durch KI-gest\u00fctzte Bildbearbeitung simuliert. Wenn die KI eine Szene jedoch nicht genau erkennt, f\u00fchrt das h\u00e4ufig zu Artefakten oder Fehlern im Bokeh. Ein Autofokus in der Frontkamera k\u00f6nnte also dabei helfen, das Bokeh einerseits nat\u00fcrlicher aussehen zu lassen, andererseits aber auch zuverl\u00e4ssiger umzusetzen.<\/p>\n\n\n\n<p class=\"wp-block-paragraph\">Zusammen mit bisherigen Analysen von Kuo ergibt sich also langsam ein vielversprechendes Bild von der Kamera des iPhone 14, auch wenn wir uns vorstellen k\u00f6nnten, dass einige dieser Upgrades es nur in die Pro-Modelle schaffen. In jedem Fall d\u00fcrfte es nicht allzu lange dauern, bis wir Gewissheit haben \u2013 vorausgesetzt, Apple stellt die neue iPhone-Reihe wie immer im September vor. <\/p>\n","protected":false},"excerpt":{"rendered":"<p>In der Ger\u00fcchtek\u00fcche brodelt es: Die Frontkamera des iPhone 14 soll einem Analysten zufolge einen Autofokus bekommen. Ein paar Pixel hier, ein bisschen Software da \u2013 wirklich viel getan hat sich bei Frontkameras in den letzten Jahren nicht, und das nicht nur bei Apple, sondern hersteller\u00fcbergreifend. Doch gerade in Cupertino soll sich hier laut dem [&hellip;]<\/p>\n","protected":false},"author":1,"featured_media":0,"comment_status":"open","ping_status":"open","sticky":false,"template":"","format":"standard","meta":{"footnotes":""},"categories":[1],"tags":[],"class_list":["post-2235","post","type-post","status-publish","format-standard","hentry","category-uncategorized"],"_links":{"self":[{"href":"https:\/\/www.batteriewelt.com\/akkublog\/index.php?rest_route=\/wp\/v2\/posts\/2235","targetHints":{"allow":["GET"]}}],"collection":[{"href":"https:\/\/www.batteriewelt.com\/akkublog\/index.php?rest_route=\/wp\/v2\/posts"}],"about":[{"href":"https:\/\/www.batteriewelt.com\/akkublog\/index.php?rest_route=\/wp\/v2\/types\/post"}],"author":[{"embeddable":true,"href":"https:\/\/www.batteriewelt.com\/akkublog\/index.php?rest_route=\/wp\/v2\/users\/1"}],"replies":[{"embeddable":true,"href":"https:\/\/www.batteriewelt.com\/akkublog\/index.php?rest_route=%2Fwp%2Fv2%2Fcomments&post=2235"}],"version-history":[{"count":1,"href":"https:\/\/www.batteriewelt.com\/akkublog\/index.php?rest_route=\/wp\/v2\/posts\/2235\/revisions"}],"predecessor-version":[{"id":2236,"href":"https:\/\/www.batteriewelt.com\/akkublog\/index.php?rest_route=\/wp\/v2\/posts\/2235\/revisions\/2236"}],"wp:attachment":[{"href":"https:\/\/www.batteriewelt.com\/akkublog\/index.php?rest_route=%2Fwp%2Fv2%2Fmedia&parent=2235"}],"wp:term":[{"taxonomy":"category","embeddable":true,"href":"https:\/\/www.batteriewelt.com\/akkublog\/index.php?rest_route=%2Fwp%2Fv2%2Fcategories&post=2235"},{"taxonomy":"post_tag","embeddable":true,"href":"https:\/\/www.batteriewelt.com\/akkublog\/index.php?rest_route=%2Fwp%2Fv2%2Ftags&post=2235"}],"curies":[{"name":"wp","href":"https:\/\/api.w.org\/{rel}","templated":true}]}}