{"id":2207,"date":"2022-06-27T10:09:14","date_gmt":"2022-06-27T09:09:14","guid":{"rendered":"http:\/\/www.batteriewelt.com\/akkublog\/?p=2207"},"modified":"2022-06-27T10:09:14","modified_gmt":"2022-06-27T09:09:14","slug":"apple-wieder-im-visier-des-bundeskartellamts","status":"publish","type":"post","link":"http:\/\/www.batteriewelt.com\/akkublog\/?p=2207","title":{"rendered":"Apple wieder im Visier des Bundeskartellamts"},"content":{"rendered":"\n<p class=\"wp-block-paragraph\">\u00c4rger f\u00fcr Apple: Tracking-Transparenz sch\u00f6n und gut, aber bitte nicht zu Ungunsten von Drittanbietern.<\/p>\n\n\n\n<p class=\"wp-block-paragraph\">Erst vergangenes Jahr hat das Bundeskartellamt eine Pr\u00fcfung von Apple veranlasst. Nach Alphabet\/Google, Meta\/Facebook und Amazon wollte die Regulierungsbeh\u00f6rde untersuchen, ob nicht auch Apple im Rahmen des noch recht frischen \u00a7 19a GWB die eigene Marktmacht zu sehr ausnutzt. W\u00e4hrend diese Pr\u00fcfung noch l\u00e4uft, nimmt das Bundeskartellamt das Unternehmen in einem weiteren Bereich ins Visier.<\/p>\n\n\n\n<p class=\"wp-block-paragraph\">Per Pressemitteilung k\u00fcndigte die Beh\u00f6rde heute an, dass sie nun auch pr\u00fcfen wolle, ob Apple mit den vergangenes Jahr eingef\u00fchrten Ma\u00dfnahmen zur App-Tracking-Transparenz Drittanbieter zugunsten seiner eigenen Tracking-Methoden benachteiligen w\u00fcrde.<\/p>\n\n\n\n<p class=\"wp-block-paragraph\">Wettbewerbskonformit\u00e4t zweifelhaft<br>\nAndreas Mundt, Pr\u00e4sident des Bundeskartellamts, begr\u00fcndet die Pr\u00fcfung so: \u201eWir begr\u00fc\u00dfen datenschonende Gesch\u00e4ftsmodelle, die den Nutzerinnen und Nutzern Wahlm\u00f6glichkeiten \u00fcber die Verwendung ihrer Daten einr\u00e4umen. Ein Konzern wie Apple, der die Regeln in seinem \u00d6kosystem und speziell im App Store einseitig festlegen kann, sollte diese aber wettbewerbskonform gestalten. Daran bestehen begr\u00fcndete Zweifel, wenn Apple Regeln f\u00fcr Dritte festlegt, die aber ausgerechnet f\u00fcr Apple nicht gelten sollen.\u201c<\/p>\n\n\n\n<p class=\"wp-block-paragraph\">Konkret will das Amt also pr\u00fcfen, ob Apple mit der Tracking-Transparenz nur externe Anbieter z\u00fcgelt oder auch sich selbst daran h\u00e4lt. Gewisserma\u00dfen reagiert die Beh\u00f6rde also auf die Hilfeschreie von Facebook und Google, die Apples neue Tracking-Praktiken stark kritisiert haben, da sie deswegen teilweise Verluste in Milliardenh\u00f6he verzeichnen.<\/p>\n\n\n\n<p class=\"wp-block-paragraph\">TechCrunch hat inzwischen eine Stellungnahme von Apple diesbez\u00fcglich ver\u00f6ffentlicht. Neben dem \u00fcblichen PR-Sprech hei\u00dft es dort: &#8220;App-Tracking-Transparenz (ATT) l\u00e4sst Nutzer:innen lediglich die Wahl, ob sie zulassen wollen, dass Apps sie verfolgen oder ihre Informationen an Datenbroker weitergeben d\u00fcrfen. ATT verhindert nicht, dass Unternehmen werben k\u00f6nnen oder schr\u00e4nkt die Verwendung von First-Party-Daten ein, die sie mit Einverst\u00e4ndnis der Nutzer:innen erhalten haben. Diese Regeln betreffen alle Entwickler:innen gleicherma\u00dfen \u2013 einschlie\u00dflich Apple [\u2026].&#8221;<\/p>\n\n\n\n<p class=\"wp-block-paragraph\">Ob diese Stellungnahme dem Bundeskartellamt gen\u00fcgen wird, wagen wir zu bezweifeln. Schlie\u00dflich geht es ihm nicht so sehr darum, ob Apple die M\u00f6glichkeit von Werbetreibenden auf seinen Plattformen einschr\u00e4nkt, sondern darum, dass die neue Tracking-Benachrichtigung (oben im Bild) bei Apples eigener Werbung nicht angezeigt wird.<\/p>\n","protected":false},"excerpt":{"rendered":"<p>\u00c4rger f\u00fcr Apple: Tracking-Transparenz sch\u00f6n und gut, aber bitte nicht zu Ungunsten von Drittanbietern. Erst vergangenes Jahr hat das Bundeskartellamt eine Pr\u00fcfung von Apple veranlasst. Nach Alphabet\/Google, Meta\/Facebook und Amazon wollte die Regulierungsbeh\u00f6rde untersuchen, ob nicht auch Apple im Rahmen des noch recht frischen \u00a7 19a GWB die eigene Marktmacht zu sehr ausnutzt. W\u00e4hrend diese [&hellip;]<\/p>\n","protected":false},"author":1,"featured_media":0,"comment_status":"open","ping_status":"open","sticky":false,"template":"","format":"standard","meta":{"footnotes":""},"categories":[1],"tags":[],"class_list":["post-2207","post","type-post","status-publish","format-standard","hentry","category-uncategorized"],"_links":{"self":[{"href":"http:\/\/www.batteriewelt.com\/akkublog\/index.php?rest_route=\/wp\/v2\/posts\/2207","targetHints":{"allow":["GET"]}}],"collection":[{"href":"http:\/\/www.batteriewelt.com\/akkublog\/index.php?rest_route=\/wp\/v2\/posts"}],"about":[{"href":"http:\/\/www.batteriewelt.com\/akkublog\/index.php?rest_route=\/wp\/v2\/types\/post"}],"author":[{"embeddable":true,"href":"http:\/\/www.batteriewelt.com\/akkublog\/index.php?rest_route=\/wp\/v2\/users\/1"}],"replies":[{"embeddable":true,"href":"http:\/\/www.batteriewelt.com\/akkublog\/index.php?rest_route=%2Fwp%2Fv2%2Fcomments&post=2207"}],"version-history":[{"count":1,"href":"http:\/\/www.batteriewelt.com\/akkublog\/index.php?rest_route=\/wp\/v2\/posts\/2207\/revisions"}],"predecessor-version":[{"id":2208,"href":"http:\/\/www.batteriewelt.com\/akkublog\/index.php?rest_route=\/wp\/v2\/posts\/2207\/revisions\/2208"}],"wp:attachment":[{"href":"http:\/\/www.batteriewelt.com\/akkublog\/index.php?rest_route=%2Fwp%2Fv2%2Fmedia&parent=2207"}],"wp:term":[{"taxonomy":"category","embeddable":true,"href":"http:\/\/www.batteriewelt.com\/akkublog\/index.php?rest_route=%2Fwp%2Fv2%2Fcategories&post=2207"},{"taxonomy":"post_tag","embeddable":true,"href":"http:\/\/www.batteriewelt.com\/akkublog\/index.php?rest_route=%2Fwp%2Fv2%2Ftags&post=2207"}],"curies":[{"name":"wp","href":"https:\/\/api.w.org\/{rel}","templated":true}]}}