{"id":2189,"date":"2022-06-21T02:32:24","date_gmt":"2022-06-21T01:32:24","guid":{"rendered":"http:\/\/www.batteriewelt.com\/akkublog\/?p=2189"},"modified":"2022-06-21T02:32:24","modified_gmt":"2022-06-21T01:32:24","slug":"facebook-zeigt-prototypen-fur-dunnere-vr-brillen","status":"publish","type":"post","link":"http:\/\/www.batteriewelt.com\/akkublog\/?p=2189","title":{"rendered":"Facebook zeigt Prototypen f\u00fcr d\u00fcnnere VR-Brillen"},"content":{"rendered":"\n<p class=\"wp-block-paragraph\">Anders als herk\u00f6mmliche VR-Brillen ist die &#8220;Holocake 2&#8221; leicht und d\u00fcnn. Doch wann sie auf den Markt kommen k\u00f6nnte, ist noch v\u00f6llig ungewiss. Will Facebook etwa nur einem Konkurrenten zuvorkommen?<br>\nSelbst die kompakteren Brillen zur Anzeige virtueller Realit\u00e4t sind bislang recht klobig &#8211; doch der Facebook-Konzern Meta will das \u00e4ndern.<\/p>\n\n\n\n<p class=\"wp-block-paragraph\">Das Unternehmen, das stark auf virtuelle Welten setzt, zeigte am Montag einen Prototypen, der deutlich d\u00fcnner und leichter als bisher erh\u00e4ltliche Ger\u00e4te ist. Die Brille mit dem Codenamen &#8220;Holocake 2&#8221; ist augenscheinlich nur wenige Zentimeter dick. Sie m\u00fcsse allerdings an einen Computer angeschlossen werden, schr\u00e4nkte Meta ein. Zuletzt setzte der Konzern mit zwei Generation seines Modells Quest auf VR-Brillen, die ohne Verbindung zu einem PC auskommen.<\/p>\n\n\n\n<p class=\"wp-block-paragraph\">F\u00fcr das kompakte Design des Prototypen sorgen vor allem Innovationen bei den Linsen. Dazu geh\u00f6rt holografische Optik, dank der die Linse praktisch flach sein kann, wie Meta erl\u00e4uterte. In einem noch nicht gebauten Konzept mit dem Namen &#8220;Mirror Lake&#8221; verspricht der Konzern ein leistungsstarkes VR-Headset in der Gr\u00f6\u00dfe einer Skibrille. Als n\u00e4chstes Ger\u00e4t will Meta bis Jahresende eine Brille mit dem Codenamen &#8220;Cambria&#8221; auf den Markt bringen, die neben der Anzeige virtueller Welten auch die reale Umgebung mit Kameras einfangen und dem Nutzer einblenden soll.<\/p>\n\n\n\n<p class=\"wp-block-paragraph\">Marktstart noch v\u00f6llig offen<br>\nUnklar blieb, warum Meta die Zukunftsprojekte jetzt pr\u00e4sentierte: Es wurden keine Angaben dazu gemacht, wann fertige Ger\u00e4te auf Basis der Prototypen in den Handel kommen k\u00f6nnten. Allerdings gab es in den vergangenen Monaten Berichte, wonach Apple den Prototypen einer Datenbrille seinen Verwaltungsratsmitgliedern vorgef\u00fchrt habe und auf dem Weg zur Marktreife sei. Auch \u00fcber die Apple-Brille war zu lesen, dass sie einer Skibrille \u00e4hnlich sehe. Der iPhone-Konzern schweigt traditionell zu anstehenden Produkten, bis ihre Markteinf\u00fchrung n\u00e4her r\u00fcckt. Den Berichten zufolge hat auch die Apple-Brille viele Kameras, um auf ihrem Display die reale Umgebung mit digitalen Inhalten mischen zu k\u00f6nnen.<\/p>\n\n\n\n<p class=\"wp-block-paragraph\">Als Ziel von Apple gilt eine Brille mit durchsichtigen Gl\u00e4sern, die digitale Objekte direkt ins Auge des Nutzers projizieren kann, so dass sie sich in seine Umgebung einf\u00fcgen. Experten gehen jedoch davon aus, dass es noch mehrere Jahre dauern wird, bis die erforderlichen Durchbr\u00fcche bei Rechenleistung und Stromverbrauch erreicht werden.<\/p>\n\n\n\n<p class=\"wp-block-paragraph\">Facebook-Gr\u00fcnder und Meta-Chef Mark Zuckerberg kaufte bereits 2014 den VR-Pionier Oculus f\u00fcr zwei Milliarden Dollar und investierte massiv in die Technologie. Im vergangenen Jahr k\u00fcndigte er die Ausrichtung auf die virtuelle Welt Metaverse an und lie\u00df deshalb den Konzernnamen von Facebook zu Meta \u00e4ndern.<\/p>\n","protected":false},"excerpt":{"rendered":"<p>Anders als herk\u00f6mmliche VR-Brillen ist die &#8220;Holocake 2&#8221; leicht und d\u00fcnn. Doch wann sie auf den Markt kommen k\u00f6nnte, ist noch v\u00f6llig ungewiss. Will Facebook etwa nur einem Konkurrenten zuvorkommen? Selbst die kompakteren Brillen zur Anzeige virtueller Realit\u00e4t sind bislang recht klobig &#8211; doch der Facebook-Konzern Meta will das \u00e4ndern. Das Unternehmen, das stark auf [&hellip;]<\/p>\n","protected":false},"author":1,"featured_media":0,"comment_status":"open","ping_status":"open","sticky":false,"template":"","format":"standard","meta":{"footnotes":""},"categories":[1],"tags":[],"class_list":["post-2189","post","type-post","status-publish","format-standard","hentry","category-uncategorized"],"_links":{"self":[{"href":"http:\/\/www.batteriewelt.com\/akkublog\/index.php?rest_route=\/wp\/v2\/posts\/2189","targetHints":{"allow":["GET"]}}],"collection":[{"href":"http:\/\/www.batteriewelt.com\/akkublog\/index.php?rest_route=\/wp\/v2\/posts"}],"about":[{"href":"http:\/\/www.batteriewelt.com\/akkublog\/index.php?rest_route=\/wp\/v2\/types\/post"}],"author":[{"embeddable":true,"href":"http:\/\/www.batteriewelt.com\/akkublog\/index.php?rest_route=\/wp\/v2\/users\/1"}],"replies":[{"embeddable":true,"href":"http:\/\/www.batteriewelt.com\/akkublog\/index.php?rest_route=%2Fwp%2Fv2%2Fcomments&post=2189"}],"version-history":[{"count":1,"href":"http:\/\/www.batteriewelt.com\/akkublog\/index.php?rest_route=\/wp\/v2\/posts\/2189\/revisions"}],"predecessor-version":[{"id":2190,"href":"http:\/\/www.batteriewelt.com\/akkublog\/index.php?rest_route=\/wp\/v2\/posts\/2189\/revisions\/2190"}],"wp:attachment":[{"href":"http:\/\/www.batteriewelt.com\/akkublog\/index.php?rest_route=%2Fwp%2Fv2%2Fmedia&parent=2189"}],"wp:term":[{"taxonomy":"category","embeddable":true,"href":"http:\/\/www.batteriewelt.com\/akkublog\/index.php?rest_route=%2Fwp%2Fv2%2Fcategories&post=2189"},{"taxonomy":"post_tag","embeddable":true,"href":"http:\/\/www.batteriewelt.com\/akkublog\/index.php?rest_route=%2Fwp%2Fv2%2Ftags&post=2189"}],"curies":[{"name":"wp","href":"https:\/\/api.w.org\/{rel}","templated":true}]}}