{"id":2180,"date":"2022-06-18T02:13:23","date_gmt":"2022-06-18T01:13:23","guid":{"rendered":"http:\/\/www.batteriewelt.com\/akkublog\/?p=2180"},"modified":"2022-06-18T02:13:23","modified_gmt":"2022-06-18T01:13:23","slug":"technikbetreiber-warnt-vor-ukw-aus-zugunsten-von-dab","status":"publish","type":"post","link":"http:\/\/www.batteriewelt.com\/akkublog\/?p=2180","title":{"rendered":"Technikbetreiber warnt vor UKW-Aus zugunsten von DAB+"},"content":{"rendered":"\n<p class=\"wp-block-paragraph\">Seit Jahren wird \u00fcber die Abschaltung der Ultrakurzwelle gestritten. Braucht es noch den Energiefresser UKW, wenn DAB+ eine viel gr\u00f6\u00dfere Reichweite erzielt? Ein Experte warnt vor einem vorschnellen Aus.<br>\nDeutschlands f\u00fchrender Betreiber von Radio-Sendeanlagen warnt vor der v\u00f6lligen Abschaltung der UKW-Technik zugunsten von DAB+.<\/p>\n\n\n\n<p class=\"wp-block-paragraph\">&#8220;Am Ende ist DAB+ eine Br\u00fcckentechnologie: Ende der 2030er, in den 2040er Jahren wird es in der Masse blo\u00df noch Streaming geben&#8221;, sagte der Gesch\u00e4ftsf\u00fchrer von Uplink Network, Michael Radomski, in D\u00fcsseldorf der Deutschen Presse-Agentur.<\/p>\n\n\n\n<p class=\"wp-block-paragraph\">Sein Unternehmen betreibt 800 UKW-Sender und 10 DAB+-Sender. UKW und DAB+ seien kompatibel und h\u00e4tten verschiedene St\u00e4rken, so Radomski. F\u00fcr kleinere Sendegebiete von Privatsendern sei UKW ideal. DAB+ habe seine St\u00e4rke in der gro\u00dfen \u00fcberregionalen Reichweite. &#8220;Wenn eine Entweder-oder-Politik gemacht wird, dann ist es eine Bedrohung der Medienvielfalt und der Medienpluralit\u00e4t in Deutschland.&#8221;<\/p>\n\n\n\n<p class=\"wp-block-paragraph\">Seit Jahren gibt es eine Debatte um eine zeitnahe Abschaltung der Ultrakurzwelle. Zu Beginn der Woche hatte Deutschlandradio-Intendant Stefan Raue betont, dies sei durch die Energieverteuerung zu einem immer dr\u00e4ngenderen Thema geworden: &#8220;Wir werden uns auf Dauer zwei terrestrische Verbreitungswege nicht leisten k\u00f6nnen. Die Zeichen stehen deutlicher darauf als noch vor zwei, drei Jahren.&#8221; Raue hatte auf die &#8220;aktuellen Krisen und die immensen Preissteigerungen&#8221; verwiesen und UKW als &#8220;Energiefress-Maschine&#8221; bezeichnet.<\/p>\n\n\n\n<p class=\"wp-block-paragraph\">Antworten gibt auch der Markt<br>\nRadomski konterte: &#8220;Es werden immer ganz viele Argumente angef\u00fchrt, warum DAB+ besser w\u00e4re. Aber viele Antworten auf offene Fragen gibt uns ja der Markt. Wenn DAB+ so vorteilhaft w\u00e4re, dann w\u00fcrden die Leute doch von selber alle ihr UKW-Radio wegschmei\u00dfen und DAB+-Radios kaufen und kein UKW mehr h\u00f6ren. Aber das Gegenteil ist der Fall.&#8221; Die Senderbetreiber nutzten auch M\u00f6glichkeiten, die Energiekosten f\u00fcr UKW zu senken. Der Uplink-Network-Chef betonte zugleich, seine Firma sei v\u00f6llig technologieoffen. &#8220;Wir bauen derzeit viele DAB+-Anlagen.&#8221;<\/p>\n\n\n\n<p class=\"wp-block-paragraph\">Dennoch sei ein vorschnelles UKW-Aus nicht sinnvoll, auch mit Blick auf Anforderungen des Katastrophenschutzes, so Radomski. &#8220;Wir haben je nach verschiedenen Studien 90 bis 150 Millionen UKW-Radios im Markt, die laufen. Selbst die Bundesregierung empfiehlt f\u00fcr den Krisenfall, dass man neben Wasser, Mehl und Trockennahrung ein batteriebetriebenes UKW-Radio zuhause haben sollte. Nie wieder wird ein Medium in Deutschland die technische und tats\u00e4chliche Reichweite haben wie UKW. Nie wieder. DAB+ kann nicht im Ansatz daran reichen.&#8221;<\/p>\n","protected":false},"excerpt":{"rendered":"<p>Seit Jahren wird \u00fcber die Abschaltung der Ultrakurzwelle gestritten. Braucht es noch den Energiefresser UKW, wenn DAB+ eine viel gr\u00f6\u00dfere Reichweite erzielt? Ein Experte warnt vor einem vorschnellen Aus. Deutschlands f\u00fchrender Betreiber von Radio-Sendeanlagen warnt vor der v\u00f6lligen Abschaltung der UKW-Technik zugunsten von DAB+. &#8220;Am Ende ist DAB+ eine Br\u00fcckentechnologie: Ende der 2030er, in den [&hellip;]<\/p>\n","protected":false},"author":1,"featured_media":0,"comment_status":"open","ping_status":"open","sticky":false,"template":"","format":"standard","meta":{"footnotes":""},"categories":[1],"tags":[],"class_list":["post-2180","post","type-post","status-publish","format-standard","hentry","category-uncategorized"],"_links":{"self":[{"href":"http:\/\/www.batteriewelt.com\/akkublog\/index.php?rest_route=\/wp\/v2\/posts\/2180","targetHints":{"allow":["GET"]}}],"collection":[{"href":"http:\/\/www.batteriewelt.com\/akkublog\/index.php?rest_route=\/wp\/v2\/posts"}],"about":[{"href":"http:\/\/www.batteriewelt.com\/akkublog\/index.php?rest_route=\/wp\/v2\/types\/post"}],"author":[{"embeddable":true,"href":"http:\/\/www.batteriewelt.com\/akkublog\/index.php?rest_route=\/wp\/v2\/users\/1"}],"replies":[{"embeddable":true,"href":"http:\/\/www.batteriewelt.com\/akkublog\/index.php?rest_route=%2Fwp%2Fv2%2Fcomments&post=2180"}],"version-history":[{"count":1,"href":"http:\/\/www.batteriewelt.com\/akkublog\/index.php?rest_route=\/wp\/v2\/posts\/2180\/revisions"}],"predecessor-version":[{"id":2181,"href":"http:\/\/www.batteriewelt.com\/akkublog\/index.php?rest_route=\/wp\/v2\/posts\/2180\/revisions\/2181"}],"wp:attachment":[{"href":"http:\/\/www.batteriewelt.com\/akkublog\/index.php?rest_route=%2Fwp%2Fv2%2Fmedia&parent=2180"}],"wp:term":[{"taxonomy":"category","embeddable":true,"href":"http:\/\/www.batteriewelt.com\/akkublog\/index.php?rest_route=%2Fwp%2Fv2%2Fcategories&post=2180"},{"taxonomy":"post_tag","embeddable":true,"href":"http:\/\/www.batteriewelt.com\/akkublog\/index.php?rest_route=%2Fwp%2Fv2%2Ftags&post=2180"}],"curies":[{"name":"wp","href":"https:\/\/api.w.org\/{rel}","templated":true}]}}