{"id":2174,"date":"2022-06-17T09:12:47","date_gmt":"2022-06-17T08:12:47","guid":{"rendered":"http:\/\/www.batteriewelt.com\/akkublog\/?p=2174"},"modified":"2022-06-17T09:12:47","modified_gmt":"2022-06-17T08:12:47","slug":"heil-fur-europaische-schutzstandards-fur-plattformarbeit","status":"publish","type":"post","link":"https:\/\/www.batteriewelt.com\/akkublog\/?p=2174","title":{"rendered":"Heil f\u00fcr europ\u00e4ische Schutzstandards f\u00fcr Plattformarbeit"},"content":{"rendered":"\n<p class=\"wp-block-paragraph\">Liefer- oder Fahrdienste erleben einen Boom &#8211; und das grenz\u00fcberschreitend. \u00dcber grenz\u00fcberschreitende Schutzregeln f\u00fcr die Millionen betroffenen Besch\u00e4ftigten wird derzeit verhandelt.<br>\nAngesichts der immer gr\u00f6\u00dferen Rolle von Dienstleistungen via Internet hat sich Bundesarbeitsminister Hubertus Heil (SPD) f\u00fcr neue europ\u00e4ische Schutzstandards bei digitaler Plattformarbeit ausgesprochen.<\/p>\n\n\n\n<p class=\"wp-block-paragraph\">&#8220;Viele Anbieter sind grenz\u00fcberschreitend t\u00e4tig&#8221;, sagte Heil der Deutschen Presse-Agentur anl\u00e4sslich eines Treffens der EU-Sozialminister an diesem Donnerstag in Luxemburg. Digitalisierung d\u00fcrfe aber nicht mit Ausbeutung verwechselt werden, so Heil mit Blick etwa auf Liefer- oder Fahrdienste. Deshalb brauche es europaweite Mindeststandards.<\/p>\n\n\n\n<p class=\"wp-block-paragraph\">Die EU-Kommission hatte Gesetzgebungsvorschl\u00e4ge eingebracht, nach denen Online-Plattformbesch\u00e4ftigte k\u00fcnftig besser abgesichert werden sollen. Millionen von Arbeiterinnen und Arbeitern k\u00f6nnten demnach wie Angestellte eingestuft werden und etwa Anspruch auf Mindestlohn und geregelte Arbeitszeiten haben. Heute gelten viele Plattformarbeiterinnen und -arbeiter als Freiberufler. Heil begr\u00fc\u00dfte den Richtlinienentwurf und sagte: &#8220;Sich schnell ein Mittagessen liefern zu lassen, den Roller per App zu mieten oder die Reinigungskraft auf einer Internetseite auszusuchen &#8211; all das macht unser Leben leichter.&#8221; Plattformen b\u00f6ten auch einen niedrigschwelligen Zugang zum Arbeitsmarkt. Klar sein m\u00fcsse aber, ob jemand als Arbeitnehmer oder Selbstst\u00e4ndiger t\u00e4tig sei.<\/p>\n\n\n\n<p class=\"wp-block-paragraph\">Aus Sicht von DGB-Chefin Yasmin Fahimi wird es &#8220;h\u00f6chste Zeit, dass der digitale Schattenarbeitsmarkt politisch reguliert wird&#8221;, wie sie der dpa sagte. Sogenannte Gig- und Crowdworker &#8211; die frei arbeiten und ihre Auftr\u00e4ge \u00fcber Plattformen erhalten &#8211; w\u00fcrden de facto gar nicht selbstst\u00e4ndig arbeiten und d\u00fcrften nicht l\u00e4nger um ihre Arbeitnehmerrechte betrogen werden. Dar\u00fcber hinaus solle die Regierung sachgrundlose Befristungen, die Behinderung von Betriebsr\u00e4ten und das ausstehende digitale Zugangsrecht f\u00fcr Gewerkschaften angehen.<\/p>\n","protected":false},"excerpt":{"rendered":"<p>Liefer- oder Fahrdienste erleben einen Boom &#8211; und das grenz\u00fcberschreitend. \u00dcber grenz\u00fcberschreitende Schutzregeln f\u00fcr die Millionen betroffenen Besch\u00e4ftigten wird derzeit verhandelt. Angesichts der immer gr\u00f6\u00dferen Rolle von Dienstleistungen via Internet hat sich Bundesarbeitsminister Hubertus Heil (SPD) f\u00fcr neue europ\u00e4ische Schutzstandards bei digitaler Plattformarbeit ausgesprochen. &#8220;Viele Anbieter sind grenz\u00fcberschreitend t\u00e4tig&#8221;, sagte Heil der Deutschen Presse-Agentur anl\u00e4sslich [&hellip;]<\/p>\n","protected":false},"author":1,"featured_media":0,"comment_status":"open","ping_status":"open","sticky":false,"template":"","format":"standard","meta":{"footnotes":""},"categories":[1],"tags":[],"class_list":["post-2174","post","type-post","status-publish","format-standard","hentry","category-uncategorized"],"_links":{"self":[{"href":"https:\/\/www.batteriewelt.com\/akkublog\/index.php?rest_route=\/wp\/v2\/posts\/2174","targetHints":{"allow":["GET"]}}],"collection":[{"href":"https:\/\/www.batteriewelt.com\/akkublog\/index.php?rest_route=\/wp\/v2\/posts"}],"about":[{"href":"https:\/\/www.batteriewelt.com\/akkublog\/index.php?rest_route=\/wp\/v2\/types\/post"}],"author":[{"embeddable":true,"href":"https:\/\/www.batteriewelt.com\/akkublog\/index.php?rest_route=\/wp\/v2\/users\/1"}],"replies":[{"embeddable":true,"href":"https:\/\/www.batteriewelt.com\/akkublog\/index.php?rest_route=%2Fwp%2Fv2%2Fcomments&post=2174"}],"version-history":[{"count":1,"href":"https:\/\/www.batteriewelt.com\/akkublog\/index.php?rest_route=\/wp\/v2\/posts\/2174\/revisions"}],"predecessor-version":[{"id":2175,"href":"https:\/\/www.batteriewelt.com\/akkublog\/index.php?rest_route=\/wp\/v2\/posts\/2174\/revisions\/2175"}],"wp:attachment":[{"href":"https:\/\/www.batteriewelt.com\/akkublog\/index.php?rest_route=%2Fwp%2Fv2%2Fmedia&parent=2174"}],"wp:term":[{"taxonomy":"category","embeddable":true,"href":"https:\/\/www.batteriewelt.com\/akkublog\/index.php?rest_route=%2Fwp%2Fv2%2Fcategories&post=2174"},{"taxonomy":"post_tag","embeddable":true,"href":"https:\/\/www.batteriewelt.com\/akkublog\/index.php?rest_route=%2Fwp%2Fv2%2Ftags&post=2174"}],"curies":[{"name":"wp","href":"https:\/\/api.w.org\/{rel}","templated":true}]}}