{"id":2068,"date":"2022-05-07T04:02:33","date_gmt":"2022-05-07T03:02:33","guid":{"rendered":"http:\/\/www.batteriewelt.com\/akkublog\/?p=2068"},"modified":"2022-05-07T04:02:33","modified_gmt":"2022-05-07T03:02:33","slug":"wann-apple-beim-iphone-endlich-auf-vollbild-geht","status":"publish","type":"post","link":"https:\/\/www.batteriewelt.com\/akkublog\/?p=2068","title":{"rendered":"Wann Apple beim iPhone endlich auf Vollbild geht"},"content":{"rendered":"\n<p class=\"wp-block-paragraph\">Traut man den Ger\u00fcchte, soll das iPhone 14 ein komplett neues Notch-Design bekommen. Ein lang ersehntes Display-Feaeture soll aber erst im iPhone 16 kommen.<\/p>\n\n\n\n<p class=\"wp-block-paragraph\">Egal, ob klassische iPhone-Notch oder Notch-Alternative in Form von Punch-Hole oder Pillen-Design: Es sieht ganz so aus, als ob wir mindestens bis zum iPhone 16 auf ein erstes \u201cVollbild-iPhone\u201d warten m\u00fcssen. Dem renommierten Analysten Ming-Chi Kuo zufolge soll ein iPhone ohne Notch nicht vor 2024 erscheinen. Noch f\u00fcr dieses Jahr wird allgemein erwartet, dass die Notch aus dem iPhone 14 Pro verschwindet. Im n\u00e4chsten Jahr sollen dann auch die Nicht-Pro-Modelle im iPhone 15 folgen.<\/p>\n\n\n\n<p class=\"wp-block-paragraph\">In einem Tweet bekr\u00e4ftigt Kuo seine fr\u00fchere Vorhersage, dass Face-ID unter dem Display im Jahr 2024 in der iPhone-Reihe Einzug halten wird, zeitgleich mit der Markteinf\u00fchrung der Reihe iPhone 16. Er nennt noch weitere Details und \u00e4ndert seine Argumentation: Anfang des Monats hielt Kuo das noch f\u00fcr eine Entscheidung des Marketings und sah keine technischen Gr\u00fcnde, nun erkl\u00e4rt er, dass Verbesserungen des Bildsignalprozessors und der Softwarealgorithmen notwendig seien, um die mit der Frontkamera auch bei schlechten Lichtverh\u00e4ltnissen zu akzeptablen Ergebnissen zu kommen, wenn diese ebenfalls unter dem Display sitzt.<\/p>\n\n\n\n<p class=\"wp-block-paragraph\">Wie bei der Notch in den 2022er-Modellen deuten alle Anzeichen darauf hin, dass Apple das All-Screen-Design als optisches Herausstellungsmerkmal bei seinen teureren Pro-Ger\u00e4ten einsetzt, wobei das Standard-iPhone 16 und das iPhone 16 Max vermutlich entweder eine Notch oder das f\u00fcr das iPhone 14 erwartete neue Design erhalten. Sofern die aktuellen Bezeichnungen Standard\/Pro\/Max zu diesem Zeitpunkt noch existieren.<\/p>\n\n\n\n<p class=\"wp-block-paragraph\">Kuos Prognose mag faszinieren, aber sie klingt entt\u00e4uschend vorsichtig, was den Zeitrahmen angeht. Es bestanden Hoffnungen, dass 2023 die Face-ID unter dem Bildschirm mit dem iPhone 15 Pro kommt.<\/p>\n\n\n\n<p class=\"wp-block-paragraph\">Wie wahrscheinlich ist Kuos Vorhersage?<br>\nWir wissen aktuell eine ganze Menge \u00fcber das iPhone 14, aber dass selbst sehr gut informierte Analysten genaue Vorhersagen \u00fcber die iPhones zwei Generationen sp\u00e4ter machen k\u00f6nnen, halten wir f\u00fcr wenig glaubw\u00fcrdig. Das ist allenfalls eine weitreichende Spekulation \u00fcber Apples allgemeine Richtung, und selbst Informationen, die jetzt noch stichhaltig sein m\u00f6gen, k\u00f6nnten schnell veraltet sein, wenn sich die Pl\u00e4ne des Unternehmens in den kommenden Jahren \u00e4ndern.<\/p>\n\n\n\n<p class=\"wp-block-paragraph\">Dennoch ergibt die Vorhersage Sinn und passt zu dem, was DSCC-CEO Ross Young letzten Monat getwittert hat. Zum jetzigen Zeitpunkt scheint es durchaus m\u00f6glich zu sein (und wird, wie wir sehen, von mindestens zwei namhaften Analysten akzeptiert), dass Face-ID bei der iPhone 16-Generation unter dem Display sitzen wird.<\/p>\n\n\n\n<p class=\"wp-block-paragraph\">Die Technologie f\u00fcr Sensoren unter dem Display ist vorhanden, aber sie reicht bei weitem nicht an die hohen Standards von Apple heran. Samsung hat f\u00fcr sein Galaxy Z Fold3 eine Kamera unter dem Display angebracht, aber Qualit\u00e4t und Design lie\u00dfen zu w\u00fcnschen \u00fcbrig. Kuos Bemerkung \u00fcber die Verbesserung der Verarbeitung ergibt also Sinn.<\/p>\n\n\n\n<p class=\"wp-block-paragraph\">Abschlie\u00dfend sei noch einmal darauf hingewiesen, dass Ming-Chi Kuo \u00fcber eine lange Erfolgsbilanz in der Branche verf\u00fcgt und eine Reihe von pr\u00e4zisen Einsch\u00e4tzungen abgegeben hat. Er ist keineswegs unfehlbar &#8211; seine Trefferquote auf Apple Track liegt zum Zeitpunkt der Erstellung dieses Artikels bei etwas unspektakul\u00e4ren 72,5 Prozent &#8211; aber das spiegelt zum Teil die Art seiner Arbeit wider, die eher zu weitreichenden Prognosen als zu &#8220;Meine Quellen sagen mir, dass Apple in 11 Tagen eine Veranstaltung abhalten wird&#8221; tendiert. Er kennt sich aus.<\/p>\n","protected":false},"excerpt":{"rendered":"<p>Traut man den Ger\u00fcchte, soll das iPhone 14 ein komplett neues Notch-Design bekommen. Ein lang ersehntes Display-Feaeture soll aber erst im iPhone 16 kommen. Egal, ob klassische iPhone-Notch oder Notch-Alternative in Form von Punch-Hole oder Pillen-Design: Es sieht ganz so aus, als ob wir mindestens bis zum iPhone 16 auf ein erstes \u201cVollbild-iPhone\u201d warten m\u00fcssen. [&hellip;]<\/p>\n","protected":false},"author":1,"featured_media":0,"comment_status":"open","ping_status":"open","sticky":false,"template":"","format":"standard","meta":{"footnotes":""},"categories":[1],"tags":[],"class_list":["post-2068","post","type-post","status-publish","format-standard","hentry","category-uncategorized"],"_links":{"self":[{"href":"https:\/\/www.batteriewelt.com\/akkublog\/index.php?rest_route=\/wp\/v2\/posts\/2068","targetHints":{"allow":["GET"]}}],"collection":[{"href":"https:\/\/www.batteriewelt.com\/akkublog\/index.php?rest_route=\/wp\/v2\/posts"}],"about":[{"href":"https:\/\/www.batteriewelt.com\/akkublog\/index.php?rest_route=\/wp\/v2\/types\/post"}],"author":[{"embeddable":true,"href":"https:\/\/www.batteriewelt.com\/akkublog\/index.php?rest_route=\/wp\/v2\/users\/1"}],"replies":[{"embeddable":true,"href":"https:\/\/www.batteriewelt.com\/akkublog\/index.php?rest_route=%2Fwp%2Fv2%2Fcomments&post=2068"}],"version-history":[{"count":1,"href":"https:\/\/www.batteriewelt.com\/akkublog\/index.php?rest_route=\/wp\/v2\/posts\/2068\/revisions"}],"predecessor-version":[{"id":2069,"href":"https:\/\/www.batteriewelt.com\/akkublog\/index.php?rest_route=\/wp\/v2\/posts\/2068\/revisions\/2069"}],"wp:attachment":[{"href":"https:\/\/www.batteriewelt.com\/akkublog\/index.php?rest_route=%2Fwp%2Fv2%2Fmedia&parent=2068"}],"wp:term":[{"taxonomy":"category","embeddable":true,"href":"https:\/\/www.batteriewelt.com\/akkublog\/index.php?rest_route=%2Fwp%2Fv2%2Fcategories&post=2068"},{"taxonomy":"post_tag","embeddable":true,"href":"https:\/\/www.batteriewelt.com\/akkublog\/index.php?rest_route=%2Fwp%2Fv2%2Ftags&post=2068"}],"curies":[{"name":"wp","href":"https:\/\/api.w.org\/{rel}","templated":true}]}}