{"id":196,"date":"2019-12-03T09:05:10","date_gmt":"2019-12-03T08:05:10","guid":{"rendered":"http:\/\/www.batteriewelt.com\/akkublog\/?p=196"},"modified":"2019-12-03T09:05:10","modified_gmt":"2019-12-03T08:05:10","slug":"apple-ipad-pro-neue-displaytechnologie-ab-2020","status":"publish","type":"post","link":"http:\/\/www.batteriewelt.com\/akkublog\/?p=196","title":{"rendered":"Apple iPad Pro: Neue Displaytechnologie ab 2020"},"content":{"rendered":"\n<p class=\"wp-block-paragraph\">Apple soll laut Ming-Chi Kuo, dem bekannten Analyst mit guten Insider-Quellen bei Apple, beim neuen iPad Pro mit 12,9 Zoll auf ein Display mit Mini-LEDs setzen. Er erw\u00e4hnt das normale iPad Pro mit 11 Zoll nicht, daher w\u00e4re es m\u00f6glich, dass Apple hier weiterhin auf ein normales LC-Display setzen wird.<\/p>\n\n\n\n<p class=\"wp-block-paragraph\">Es wurde immer mal wieder vermutet, dass Apple nach dem iPhone auch beim iPad zu OLED wechseln k\u00f6nnte, dem wird aber wohl nicht so sein. Mini-LEDs sind noch keine Micro-LEDs, wie sie zum Beispiel&nbsp;Samsung in Zukunft bei den TVs einsetzen m\u00f6chte. Die Zukunft wird aber erst zeigen, wie gro\u00df der Unterschied zwischen OLED, Mini-LED und Micro-LED ist. Mal schauen, wie wir die LEDs in Zukunft nennen, denn mLED w\u00fcrde ja irgendwie auf beide zutreffen.<\/p>\n\n\n\n<p class=\"wp-block-paragraph\">Apple soll jedenfalls nicht nur dem iPad Pro ein solches Display spendieren, auch das MacBook Pro mit 16 Zoll, welches jetzt erst auf den Markt kam, ist 2020 an der Reihe. Allerdings erste Ende 2020, also vermutlich in einem Jahr. Und auch hier wird die kleinere Version nicht erw\u00e4hnt, das kleine iPad Pro und MacBook Pro k\u00f6nnten also vielleicht auch erst ab 2021 ein neues Display bekommen.<\/p>\n","protected":false},"excerpt":{"rendered":"<p>Apple soll laut Ming-Chi Kuo, dem bekannten Analyst mit guten Insider-Quellen bei Apple, beim neuen iPad Pro mit 12,9 Zoll auf ein Display mit Mini-LEDs setzen. Er erw\u00e4hnt das normale iPad Pro mit 11 Zoll nicht, daher w\u00e4re es m\u00f6glich, dass Apple hier weiterhin auf ein normales LC-Display setzen wird. Es wurde immer mal wieder [&hellip;]<\/p>\n","protected":false},"author":1,"featured_media":0,"comment_status":"open","ping_status":"open","sticky":false,"template":"","format":"standard","meta":{"footnotes":""},"categories":[130],"tags":[129],"class_list":["post-196","post","type-post","status-publish","format-standard","hentry","category-tablet-pc","tag-apple-ipad-pro"],"_links":{"self":[{"href":"http:\/\/www.batteriewelt.com\/akkublog\/index.php?rest_route=\/wp\/v2\/posts\/196","targetHints":{"allow":["GET"]}}],"collection":[{"href":"http:\/\/www.batteriewelt.com\/akkublog\/index.php?rest_route=\/wp\/v2\/posts"}],"about":[{"href":"http:\/\/www.batteriewelt.com\/akkublog\/index.php?rest_route=\/wp\/v2\/types\/post"}],"author":[{"embeddable":true,"href":"http:\/\/www.batteriewelt.com\/akkublog\/index.php?rest_route=\/wp\/v2\/users\/1"}],"replies":[{"embeddable":true,"href":"http:\/\/www.batteriewelt.com\/akkublog\/index.php?rest_route=%2Fwp%2Fv2%2Fcomments&post=196"}],"version-history":[{"count":1,"href":"http:\/\/www.batteriewelt.com\/akkublog\/index.php?rest_route=\/wp\/v2\/posts\/196\/revisions"}],"predecessor-version":[{"id":197,"href":"http:\/\/www.batteriewelt.com\/akkublog\/index.php?rest_route=\/wp\/v2\/posts\/196\/revisions\/197"}],"wp:attachment":[{"href":"http:\/\/www.batteriewelt.com\/akkublog\/index.php?rest_route=%2Fwp%2Fv2%2Fmedia&parent=196"}],"wp:term":[{"taxonomy":"category","embeddable":true,"href":"http:\/\/www.batteriewelt.com\/akkublog\/index.php?rest_route=%2Fwp%2Fv2%2Fcategories&post=196"},{"taxonomy":"post_tag","embeddable":true,"href":"http:\/\/www.batteriewelt.com\/akkublog\/index.php?rest_route=%2Fwp%2Fv2%2Ftags&post=196"}],"curies":[{"name":"wp","href":"https:\/\/api.w.org\/{rel}","templated":true}]}}