{"id":1929,"date":"2022-01-13T06:53:58","date_gmt":"2022-01-13T05:53:58","guid":{"rendered":"http:\/\/www.batteriewelt.com\/akkublog\/?p=1929"},"modified":"2022-01-13T06:53:58","modified_gmt":"2022-01-13T05:53:58","slug":"aus-in-schleswig-holstein-kein-grund-an-luca-festzuhalten","status":"publish","type":"post","link":"http:\/\/www.batteriewelt.com\/akkublog\/?p=1929","title":{"rendered":"Aus in Schleswig-Holstein: &#8220;Kein Grund, an Luca festzuhalten&#8221;"},"content":{"rendered":"\n<p class=\"wp-block-paragraph\">Als erstes Bundesland wird Schleswig-Holstein nicht die Lizenz f\u00fcr die Nutzung der Luca-App verl\u00e4ngern. Es gebe keinen Grund, &#8220;an Luca festzuhalten&#8221;. Die Nutzung war zuletzt deutlich gesunken.<\/p>\n\n\n\n<p class=\"wp-block-paragraph\">Als erstes Bundesland hat Schleswig-Holstein einen Vertrag f\u00fcr die Nutzung der Kontaktnachverfolgungs-App Luca gek\u00fcndigt. Das berichtet die &#8220;Neue Osnabr\u00fccker Zeitung&#8221;. S\u00f6nke Schulz, Gesch\u00e4ftsf\u00fchrer des schleswig-holsteinischen Landkreistages, erkl\u00e4rte demnach der Tageszeitung, es bestehe &#8220;kein Grund, an Luca festzuhalten&#8221;, da man eine Pflicht zur Erhebung von Kontaktdaten aufgehoben habe und auch nicht absehbar sei, dass sich dies k\u00fcnftig \u00e4ndere.<\/p>\n\n\n\n<p class=\"wp-block-paragraph\">Die zust\u00e4ndigen Gesundheits\u00e4mter h\u00e4tten allerdings &#8220;positive R\u00fcckmeldungen zur Nutzung von Luca gegeben&#8221;, bevor die Pflicht aufgehoben worden war. Zwar gebe es keine genauen Zahlen zur Nutzung, diese habe sich danach aber deutlich reduziert.<\/p>\n\n\n\n<p class=\"wp-block-paragraph\">&#8220;Wir als Luca-System sind au\u00dfen vor&#8221;<br>\nBei Luca handelt es sich um eine App und ein angebundenes System, das w\u00e4hrend der Corona-Pandemie eine m\u00f6glichst reibungslose Kontaktr\u00fcckverfolgung gew\u00e4hrleisten soll. An dem Projekt sind auch die Fantastischen Vier beteiligt. Zuletzt war unter anderem Kritik aufgekommen, nachdem die Polizei nach einem t\u00f6dlichen Sturz in Mainz Daten \u00fcber das System ausgewertet hatte. Die zust\u00e4ndige Staatsanwaltschaft hatte daraufhin einger\u00e4umt, dass dies nicht rechtm\u00e4\u00dfig war.<\/p>\n\n\n\n<p class=\"wp-block-paragraph\">Von diesem Vorfall habe man bei Luca &#8220;keine Kenntnis [\u2026]. Das liegt daran, dass Luca selbst auf diese Daten unter keinen Umst\u00e4nden zugreifen kann&#8221;, hei\u00dft es auf dem Blog der App. &#8220;Zugriff auf Daten erh\u00e4lt man nur, wenn Nutzer, Gesundheitsamt und das Lokal gemeinsam ihre Schl\u00fcssel teilen&#8221;, erkl\u00e4rte Smudo (53) von den Fantastischen Vier der &#8220;Bild&#8221;. Und weiter: &#8220;Der Nutzer macht dies nach der Corona-Verordnung beim Betreten des Lokals, der Betreiber nur auf Anfrage eines Gesundheitsamtes. Wir als Luca-System sind au\u00dfen vor und k\u00f6nnen in dem Prozess keine Daten lesen.&#8221;<\/p>\n\n\n\n<p class=\"wp-block-paragraph\">Verst\u00e4ndnis f\u00fcr vereinzelte Aufrufe aus der Politik, die App zu deinstallieren, hat der Rapper nicht. &#8220;Ich halte es f\u00fcr verantwortungslos, dass ein Aufruf von ein bis zwei mir bisher nicht bekannter Politiker dazu f\u00fchren k\u00f6nnte, dass mitten in der pandemischen Lage Menschen die Luca-App l\u00f6schen&#8221;, erkl\u00e4rte er weiter. Die Anwendung helfe effektiv mit, &#8220;Infektionsketten zu unterbrechen, gerade im Blick auf Omikron&#8221;.<\/p>\n","protected":false},"excerpt":{"rendered":"<p>Als erstes Bundesland wird Schleswig-Holstein nicht die Lizenz f\u00fcr die Nutzung der Luca-App verl\u00e4ngern. Es gebe keinen Grund, &#8220;an Luca festzuhalten&#8221;. Die Nutzung war zuletzt deutlich gesunken. Als erstes Bundesland hat Schleswig-Holstein einen Vertrag f\u00fcr die Nutzung der Kontaktnachverfolgungs-App Luca gek\u00fcndigt. Das berichtet die &#8220;Neue Osnabr\u00fccker Zeitung&#8221;. S\u00f6nke Schulz, Gesch\u00e4ftsf\u00fchrer des schleswig-holsteinischen Landkreistages, erkl\u00e4rte demnach [&hellip;]<\/p>\n","protected":false},"author":1,"featured_media":0,"comment_status":"open","ping_status":"open","sticky":false,"template":"","format":"standard","meta":{"footnotes":""},"categories":[1],"tags":[],"class_list":["post-1929","post","type-post","status-publish","format-standard","hentry","category-uncategorized"],"_links":{"self":[{"href":"http:\/\/www.batteriewelt.com\/akkublog\/index.php?rest_route=\/wp\/v2\/posts\/1929","targetHints":{"allow":["GET"]}}],"collection":[{"href":"http:\/\/www.batteriewelt.com\/akkublog\/index.php?rest_route=\/wp\/v2\/posts"}],"about":[{"href":"http:\/\/www.batteriewelt.com\/akkublog\/index.php?rest_route=\/wp\/v2\/types\/post"}],"author":[{"embeddable":true,"href":"http:\/\/www.batteriewelt.com\/akkublog\/index.php?rest_route=\/wp\/v2\/users\/1"}],"replies":[{"embeddable":true,"href":"http:\/\/www.batteriewelt.com\/akkublog\/index.php?rest_route=%2Fwp%2Fv2%2Fcomments&post=1929"}],"version-history":[{"count":1,"href":"http:\/\/www.batteriewelt.com\/akkublog\/index.php?rest_route=\/wp\/v2\/posts\/1929\/revisions"}],"predecessor-version":[{"id":1930,"href":"http:\/\/www.batteriewelt.com\/akkublog\/index.php?rest_route=\/wp\/v2\/posts\/1929\/revisions\/1930"}],"wp:attachment":[{"href":"http:\/\/www.batteriewelt.com\/akkublog\/index.php?rest_route=%2Fwp%2Fv2%2Fmedia&parent=1929"}],"wp:term":[{"taxonomy":"category","embeddable":true,"href":"http:\/\/www.batteriewelt.com\/akkublog\/index.php?rest_route=%2Fwp%2Fv2%2Fcategories&post=1929"},{"taxonomy":"post_tag","embeddable":true,"href":"http:\/\/www.batteriewelt.com\/akkublog\/index.php?rest_route=%2Fwp%2Fv2%2Ftags&post=1929"}],"curies":[{"name":"wp","href":"https:\/\/api.w.org\/{rel}","templated":true}]}}