{"id":1890,"date":"2021-12-22T03:14:37","date_gmt":"2021-12-22T02:14:37","guid":{"rendered":"http:\/\/www.batteriewelt.com\/akkublog\/?p=1890"},"modified":"2021-12-22T03:14:37","modified_gmt":"2021-12-22T02:14:37","slug":"pflicht-zum-e-rezept-kommt-nicht-im-januar","status":"publish","type":"post","link":"http:\/\/www.batteriewelt.com\/akkublog\/?p=1890","title":{"rendered":"Pflicht zum E-Rezept kommt nicht im Januar"},"content":{"rendered":"\n<p class=\"wp-block-paragraph\">Hunderte Millionen Rezepte auf Papier &#8211; die Umstellung auf Digitalverschreibungen l\u00e4uft l\u00e4ngst in der Testphase. Doch aus der geplanten Pflicht ab Januar wird erstmal nichts.<\/p>\n\n\n\n<p class=\"wp-block-paragraph\">Berlin (dpa) &#8211; Die verpflichtende Einf\u00fchrung von E-Rezepten in Arztpraxen, Apotheken und Kliniken wird verschoben.<\/p>\n\n\n\n<p class=\"wp-block-paragraph\">Es sei deutlich geworden, das &#8220;die erforderlichen technischen Systeme noch nicht fl\u00e4chendeckend zur Verf\u00fcgung stehen&#8221;, hei\u00dft es in einem Schreiben des Bundesgesundheitsministeriums, das der dpa vorliegt und auf den 20. Dezember datiert ist. Zuvor hatte &#8220;Apotheke Adhoc&#8221; berichtet. Die Verf\u00fcgbarkeit sei Voraussetzung f\u00fcr die verpflichtende Einf\u00fchrung, so ein Ministeriumsvertreter. Nun soll &#8220;der kontrollierte Test- und Pilotbetrieb in den kommenden Wochen schrittweise fortgesetzt und ausgeweitet werden&#8221;. Ein neuer Termin, ab dem die Pflicht greift, steht noch nicht fest.<\/p>\n\n\n\n<p class=\"wp-block-paragraph\">Das Schreiben ist an die Gesellschafter der f\u00fcr das E-Rezept zust\u00e4ndigen Firma Gematik gerichtet. Zu den Gesellschaftern geh\u00f6ren etwa die Bundes\u00e4rztekammer und der Spitzenverband der Gesetzlichen Krankenversicherungen sowie das Bundesgesundheitsministerium, das die Mehrheit an der Gematik h\u00e4lt. In der \u00c4rzteschaft hatte es starke Bedenken gegeben &#8211; der urspr\u00fcngliche Zeitplan wurde f\u00fcr unrealistisch gehalten. Diesen Bedenken wird nun Rechnung getragen.<\/p>\n\n\n\n<p class=\"wp-block-paragraph\">Mammutprojekt im Gesundheitswesen<\/p>\n\n\n\n<p class=\"wp-block-paragraph\">Die Digitalverschreibung ist ein Mammutprojekt im Gesundheitswesen, das schon seit l\u00e4ngerem Anlaufschwierigkeiten hat. Ein Pilotprojekt im Sommer in Berlin und Brandenburg brachte kaum Erkenntnisse. Die f\u00fcr Oktober vorgesehen bundesweite Testphase wurde auf Dezember verschoben, weil es an notwendigen IT-Updates mangelte. An dem deutschlandweiten Pflichtstart ab Januar wurde zun\u00e4chst festgehalten, die Verpflichtung wurde aber aufweicht: Im November teilte die Gematik mit, dass sie die Pflicht nur auf diejenigen beziehen werde, &#8220;die dazu technisch in der Lage sind&#8221;. Damit wurde die Einf\u00fchrungspflicht zu einem Papiertiger &#8211; und selbst diese schwache Vorgabe wandert nun in den M\u00fclleimer.<\/p>\n\n\n\n<p class=\"wp-block-paragraph\">Die Gematik bezeichnete das erste Quartal 2022 in einer Mitteilung vom Dienstag als &#8220;\u00dcbergangszeitraum&#8221;, in dem Installationen und Schulungen f\u00fcr den Einsatz der Updates stattfinden k\u00f6nnten. Die Firma untermauerte ihre Forderung an die Gesundheitsbranche, &#8220;dass die Testphase von allen Beteiligten intensiv genutzt werden muss, damit ein Digitalisierungsprojekt wie das E-Rezept gemeinsam gelingen kann&#8221;. Sobald bestimmte Qualit\u00e4tskriterien erf\u00fcllt sind, soll das E-Rezept fl\u00e4chendeckend ausgerollt werden. Das weitere Vorgehen werde in den kommenden Wochen mit den Gesellschaftern abgestimmt, so die Gematik.<\/p>\n\n\n\n<p class=\"wp-block-paragraph\">QR-Code statt Zettel<\/p>\n\n\n\n<p class=\"wp-block-paragraph\">Mit dem E-Rezept soll die Zettelwirtschaft bei Rezepten beendet werden. Derzeit bekommen die rund 73 Millionen gesetzlich Versicherten in Deutschland jedes Jahr etwa 500 Millionen Verschreibungen. K\u00fcnftig sollen sie einen QR-Code erhalten, entweder im Smartphone oder &#8211; falls man die Gematik-App &#8220;E-Rezept&#8221; noch nicht nutzt &#8211; ausgedruckt. Der Zugriff auf die Digitalverschreibung \u00fcber die App kann praktisch sein, etwa wenn man eine Videosprechstunde wahrgenommen hat und der Arzt danach kein Papierrezept per Post schicken muss. F\u00fcr Privatversicherte gilt das Digitalrezept nicht.<\/p>\n\n\n\n<p class=\"wp-block-paragraph\">Die Gesundheitsbranche reagierte erleichtert auf die Verschiebung des Pflichtstarts. &#8220;Die erschreckend geringe Anzahl an erfolgreich ausgestellten E-Rezepten zeigt, dass eine echte und erfolgreiche Testphase fehlt&#8221;, hie\u00df es vom Spitzenverband der Gesetzlichen Krankenkassen. Bundes\u00e4rztekammer-Pr\u00e4sident Klaus Reinhardt wies darauf hin, dass Anfang Dezember lediglich 42 E-Rezepte ausgestellt und erfolgreich abgerechnet worden seien. Intensive fl\u00e4chendeckende Tests seien notwendig.<\/p>\n\n\n\n<p class=\"wp-block-paragraph\">Der Deutsche Apothekerverband (DAV) betonte, man sei f\u00fcr das eRezept und die z\u00fcgige Einf\u00fchrung. Die Apotheken seien bereit. &#8220;Aber betrachtet man den kompletten Prozess von der Verordnung \u00fcber die Einl\u00f6sung und Quittierung bis hin zur Abrechnung des eRezeptes, dann gibt es noch erhebliche technische Probleme&#8221;, sagte der DAV-Vorsitzende Thomas Dittrich. Die Kassen\u00e4rztliche Bundesvereinigung sprach von einer &#8220;sp\u00e4ten, aber richtigen Einsicht&#8221;.<\/p>\n\n\n\n<p class=\"wp-block-paragraph\">Der Bundesvorsitzende des Deutschen Haus\u00e4rzteverbandes, Ulrich Weigeldt, wertete die Verschiebung. Die Digitalisierung d\u00fcrfe &#8220;keine technischen sowie b\u00fcrokratischen H\u00fcrden aufwerfen, die den Arbeitsfluss erschweren&#8221;. Keinesfalls d\u00fcrfe f\u00fcr die Patientinnen und Patienten die Versorgung mit Arzneimitteln gef\u00e4hrdet sein, &#8220;weil die Technik irgendwie hakt oder Daten falsch \u00fcbermittelt werden&#8221;, so Weigeldt.<\/p>\n\n\n\n<p class=\"wp-block-paragraph\">Ver\u00e4rgert \u00e4u\u00dferte sich hingegen der Vorstand der Deutschen Stiftung Patientenschutz, Eugen Brysch. Der damalige Bundesgesundheitsminister Jens Spahn (CDU) habe &#8220;endlich Schwung in die fl\u00e4chendeckende Einf\u00fchrung des E-Rezepts bringen&#8221; wollen. Doch jetzt sei das Projekt &#8220;auf Grund gelaufen&#8221;. Es sei &#8220;gerade die \u00c4rzteschaft, die gern an alten Z\u00f6pfen zu Lasten der Patientinnen und Patienten festh\u00e4lt.&#8221;<\/p>\n","protected":false},"excerpt":{"rendered":"<p>Hunderte Millionen Rezepte auf Papier &#8211; die Umstellung auf Digitalverschreibungen l\u00e4uft l\u00e4ngst in der Testphase. Doch aus der geplanten Pflicht ab Januar wird erstmal nichts. Berlin (dpa) &#8211; Die verpflichtende Einf\u00fchrung von E-Rezepten in Arztpraxen, Apotheken und Kliniken wird verschoben. Es sei deutlich geworden, das &#8220;die erforderlichen technischen Systeme noch nicht fl\u00e4chendeckend zur Verf\u00fcgung stehen&#8221;, [&hellip;]<\/p>\n","protected":false},"author":1,"featured_media":0,"comment_status":"open","ping_status":"open","sticky":false,"template":"","format":"standard","meta":{"footnotes":""},"categories":[1],"tags":[],"class_list":["post-1890","post","type-post","status-publish","format-standard","hentry","category-uncategorized"],"_links":{"self":[{"href":"http:\/\/www.batteriewelt.com\/akkublog\/index.php?rest_route=\/wp\/v2\/posts\/1890","targetHints":{"allow":["GET"]}}],"collection":[{"href":"http:\/\/www.batteriewelt.com\/akkublog\/index.php?rest_route=\/wp\/v2\/posts"}],"about":[{"href":"http:\/\/www.batteriewelt.com\/akkublog\/index.php?rest_route=\/wp\/v2\/types\/post"}],"author":[{"embeddable":true,"href":"http:\/\/www.batteriewelt.com\/akkublog\/index.php?rest_route=\/wp\/v2\/users\/1"}],"replies":[{"embeddable":true,"href":"http:\/\/www.batteriewelt.com\/akkublog\/index.php?rest_route=%2Fwp%2Fv2%2Fcomments&post=1890"}],"version-history":[{"count":1,"href":"http:\/\/www.batteriewelt.com\/akkublog\/index.php?rest_route=\/wp\/v2\/posts\/1890\/revisions"}],"predecessor-version":[{"id":1891,"href":"http:\/\/www.batteriewelt.com\/akkublog\/index.php?rest_route=\/wp\/v2\/posts\/1890\/revisions\/1891"}],"wp:attachment":[{"href":"http:\/\/www.batteriewelt.com\/akkublog\/index.php?rest_route=%2Fwp%2Fv2%2Fmedia&parent=1890"}],"wp:term":[{"taxonomy":"category","embeddable":true,"href":"http:\/\/www.batteriewelt.com\/akkublog\/index.php?rest_route=%2Fwp%2Fv2%2Fcategories&post=1890"},{"taxonomy":"post_tag","embeddable":true,"href":"http:\/\/www.batteriewelt.com\/akkublog\/index.php?rest_route=%2Fwp%2Fv2%2Ftags&post=1890"}],"curies":[{"name":"wp","href":"https:\/\/api.w.org\/{rel}","templated":true}]}}